{"id":29172,"date":"2015-10-20T19:49:41","date_gmt":"2015-10-20T18:49:41","guid":{"rendered":"http:\/\/2horizontes.com\/?p=29172"},"modified":"2015-10-20T19:49:41","modified_gmt":"2015-10-20T18:49:41","slug":"someten-a-tercera-operacion-a-adolescente-que-fue-atropellada-rd","status":"publish","type":"post","link":"https:\/\/2horizontes.com\/?p=29172","title":{"rendered":"Someten a tercera operaci\u00f3n a adolescente que fue atropellada RD"},"content":{"rendered":"<div id=\"ArticleBody\">\n<p>RD- SANTO DOMINGO-La adolescente Angely de los Santos Rodr\u00edguez, atropellada el pasado jueves 8 de este mes por el conductor de un autob\u00fas en la intersecci\u00f3n de las avenidas John F. Kennedy y Doctor Defill\u00f3, fue sometida el s\u00e1bado a su tercera operaci\u00f3n, esta vez para enderezar su pierna derecha, la cual qued\u00f3 doblada producto del impacto que recibi\u00f3 en ambas piernas.<\/p>\n<p>La t\u00eda paterna de la menor, Mar\u00eda de los Santos, dice que para Angely poder someterse a la nueva cirug\u00eda la familia De los Santos Rodr\u00edguez tuvo que comprar m\u00e1s sangre y unas 10 cremas para que sus piernas no se infecten, valoradas cada una en RD$2,000.<\/p>\n<p>\u201cEstas cremas que le indicaron ni aparecen, solo tenemos cuatro por lo que tenemos que seguir buscando seis m\u00e1s. Hemos hablado con varias farmacias para eso y ellas est\u00e1n haciendo las diligencias para poder conseguirlas y evitar bacterias en mi sobrina\u201d, dice.<\/p>\n<p>Observando a su hija mientras dorm\u00eda se encontraba \u00c1ngela Rodr\u00edguez, madre de la menor, quien al ser preguntada sobre la situaci\u00f3n de su hija solo dijo \u201ca ella la operaron el s\u00e1bado, pero yo no me enfoco mucho en eso,\u00a0 solo s\u00e9 que est\u00e1 mejorando cada d\u00eda\u201d.<\/p>\n<p>La madre y la t\u00eda de la menor no quisieron hablar sobre la inversi\u00f3n en la tercera operaci\u00f3n de la ni\u00f1a. El rostro de ambas solo revelaba preocupaci\u00f3n y angustia \u201cya no hay ahorros, ya no hay nada. Todo lo vamos a dejar en las manos de Dios\u201d.<\/p>\n<\/div>\n<div><\/div>\n<p>&nbsp;<\/p>\n","protected":false},"excerpt":{"rendered":"<p>RD- SANTO DOMINGO-La adolescente Angely de los Santos Rodr\u00edguez, atropellada el pasado jueves 8 de este mes por el conductor de un autob\u00fas en la intersecci\u00f3n de las avenidas John F. Kennedy y Doctor Defill\u00f3, fue sometida el s\u00e1bado a su tercera operaci\u00f3n, esta vez para enderezar su pierna derecha, la cual qued\u00f3 doblada producto [&hellip;]<\/p>\n","protected":false},"author":8,"featured_media":29173,"comment_status":"open","ping_status":"open","sticky":false,"template":"","format":"standard","meta":{"footnotes":""},"categories":[44,45],"tags":[],"class_list":["post-29172","post","type-post","status-publish","format-standard","has-post-thumbnail","hentry","category-republica-dominicana","category-salud"],"_links":{"self":[{"href":"https:\/\/2horizontes.com\/index.php?rest_route=\/wp\/v2\/posts\/29172","targetHints":{"allow":["GET"]}}],"collection":[{"href":"https:\/\/2horizontes.com\/index.php?rest_route=\/wp\/v2\/posts"}],"about":[{"href":"https:\/\/2horizontes.com\/index.php?rest_route=\/wp\/v2\/types\/post"}],"author":[{"embeddable":true,"href":"https:\/\/2horizontes.com\/index.php?rest_route=\/wp\/v2\/users\/8"}],"replies":[{"embeddable":true,"href":"https:\/\/2horizontes.com\/index.php?rest_route=%2Fwp%2Fv2%2Fcomments&post=29172"}],"version-history":[{"count":1,"href":"https:\/\/2horizontes.com\/index.php?rest_route=\/wp\/v2\/posts\/29172\/revisions"}],"predecessor-version":[{"id":29174,"href":"https:\/\/2horizontes.com\/index.php?rest_route=\/wp\/v2\/posts\/29172\/revisions\/29174"}],"wp:featuredmedia":[{"embeddable":true,"href":"https:\/\/2horizontes.com\/index.php?rest_route=\/wp\/v2\/media\/29173"}],"wp:attachment":[{"href":"https:\/\/2horizontes.com\/index.php?rest_route=%2Fwp%2Fv2%2Fmedia&parent=29172"}],"wp:term":[{"taxonomy":"category","embeddable":true,"href":"https:\/\/2horizontes.com\/index.php?rest_route=%2Fwp%2Fv2%2Fcategories&post=29172"},{"taxonomy":"post_tag","embeddable":true,"href":"https:\/\/2horizontes.com\/index.php?rest_route=%2Fwp%2Fv2%2Ftags&post=29172"}],"curies":[{"name":"wp","href":"https:\/\/api.w.org\/{rel}","templated":true}]}}