{"id":29169,"date":"2015-10-20T19:22:34","date_gmt":"2015-10-20T18:22:34","guid":{"rendered":"http:\/\/2horizontes.com\/?p=29169"},"modified":"2015-10-20T19:22:34","modified_gmt":"2015-10-20T18:22:34","slug":"pocos-haitianos-participan-en-la-feria-de-jimani-rd","status":"publish","type":"post","link":"https:\/\/2horizontes.com\/?p=29169","title":{"rendered":"Pocos haitianos participan en la feria de Jiman\u00ed RD"},"content":{"rendered":"<p>RD- JIMANI-El mercado fronterizo se desenvolvi\u00f3 ayer de forma lenta, mientras haitianos en la divisi\u00f3n con este lado utilizaban meg\u00e1fonos promoviendo a los candidatos a alcaldes y diputados, pese a que otros rumoraban que grupos en el poblado de Anse-\u2021-Pitres estaban preparados para alterar el orden apoyados por las autoridades de all\u00ed.<\/p>\n<p>En el mercado bilateral la participaci\u00f3n fue m\u00ednima mientras productos agr\u00edcolas que llegan de otras ciudades del pa\u00eds eran vendidos a sobreprecios al igual que yaut\u00edas, tomates, repollos, \u00f1ame, remolacha, naranjas y otros que venden haitianos.<\/p>\n<p>Ayer, el regidor Pedro Heredia, del ayuntamiento de Pedernales, dijo que autoridades haitianas de Anse Pitres tienen contemplada una reuni\u00f3n con autoridades de aqu\u00ed, sin que se sepa oficialmente el objetivo de la actividad, aunque se cree que es para tratar el tema de la veda de productos y el impacto que tuvo la semana pasada que provocaron la quema de las oficinas de aduanas, migraci\u00f3n y destrucci\u00f3n de puertas y ventanas de la comisaria de all\u00ed. La actividad comercial se desarroll\u00f3 ayer sin ning\u00fan inconveniente en Jiman\u00ed, El\u00edas Pi\u00f1a y Dajab\u00f3n, seg\u00fan las informaciones obtenidas por LIST\u00cdN DIARIO.<\/p>\n<p>Los dos dirigentes de los sindicatos de aqu\u00ed, coincidieron en se\u00f1alar que la actividad comercial binacional que se da entre el pa\u00eds y Hait\u00ed comenz\u00f3 a normalizarse desde el pasado domingo, luego de la reuni\u00f3n de los ministros de Relaciones Exteriores, Andr\u00e9s Navarro, e Industria y Comercio, Jos\u00e9 del Castillo Savi\u00f1\u00f3n, con los representantes de los comerciantes y los sindicatos locales.<\/p>\n<p>As\u00ed lo confirmaron el presidente de la Asociaci\u00f3n de Productores y Comercializadores de Frutas de Jiman\u00ed, Gabino P\u00e9rez; Boris V\u00f3lquez, del Sindicato de Camioneros y vicepresidente de la Federaci\u00f3n Dominicana de Transporte Dominicano (Fenatrado).<\/p>\n","protected":false},"excerpt":{"rendered":"<p>RD- JIMANI-El mercado fronterizo se desenvolvi\u00f3 ayer de forma lenta, mientras haitianos en la divisi\u00f3n con este lado utilizaban meg\u00e1fonos promoviendo a los candidatos a alcaldes y diputados, pese a que otros rumoraban que grupos en el poblado de Anse-\u2021-Pitres estaban preparados para alterar el orden apoyados por las autoridades de all\u00ed. En el mercado [&hellip;]<\/p>\n","protected":false},"author":8,"featured_media":29170,"comment_status":"open","ping_status":"open","sticky":false,"template":"","format":"standard","meta":{"footnotes":""},"categories":[63,54,47,53,44],"tags":[],"class_list":["post-29169","post","type-post","status-publish","format-standard","has-post-thumbnail","hentry","category-economia","category-emigrantes","category-haiti","category-provincias","category-republica-dominicana"],"_links":{"self":[{"href":"https:\/\/2horizontes.com\/index.php?rest_route=\/wp\/v2\/posts\/29169","targetHints":{"allow":["GET"]}}],"collection":[{"href":"https:\/\/2horizontes.com\/index.php?rest_route=\/wp\/v2\/posts"}],"about":[{"href":"https:\/\/2horizontes.com\/index.php?rest_route=\/wp\/v2\/types\/post"}],"author":[{"embeddable":true,"href":"https:\/\/2horizontes.com\/index.php?rest_route=\/wp\/v2\/users\/8"}],"replies":[{"embeddable":true,"href":"https:\/\/2horizontes.com\/index.php?rest_route=%2Fwp%2Fv2%2Fcomments&post=29169"}],"version-history":[{"count":1,"href":"https:\/\/2horizontes.com\/index.php?rest_route=\/wp\/v2\/posts\/29169\/revisions"}],"predecessor-version":[{"id":29171,"href":"https:\/\/2horizontes.com\/index.php?rest_route=\/wp\/v2\/posts\/29169\/revisions\/29171"}],"wp:featuredmedia":[{"embeddable":true,"href":"https:\/\/2horizontes.com\/index.php?rest_route=\/wp\/v2\/media\/29170"}],"wp:attachment":[{"href":"https:\/\/2horizontes.com\/index.php?rest_route=%2Fwp%2Fv2%2Fmedia&parent=29169"}],"wp:term":[{"taxonomy":"category","embeddable":true,"href":"https:\/\/2horizontes.com\/index.php?rest_route=%2Fwp%2Fv2%2Fcategories&post=29169"},{"taxonomy":"post_tag","embeddable":true,"href":"https:\/\/2horizontes.com\/index.php?rest_route=%2Fwp%2Fv2%2Ftags&post=29169"}],"curies":[{"name":"wp","href":"https:\/\/api.w.org\/{rel}","templated":true}]}}