{"id":29166,"date":"2015-10-20T19:13:43","date_gmt":"2015-10-20T18:13:43","guid":{"rendered":"http:\/\/2horizontes.com\/?p=29166"},"modified":"2015-10-20T19:13:43","modified_gmt":"2015-10-20T18:13:43","slug":"muere-recluso-por-hambre-y-deshidratacion-en-la-carcel-de-higuey-rd","status":"publish","type":"post","link":"https:\/\/2horizontes.com\/?p=29166","title":{"rendered":"Muere recluso por hambre y deshidrataci\u00f3n en la c\u00e1rcel de Hig\u00fcey RD"},"content":{"rendered":"<div id=\"ArticleBody\">\n<p>RD- HIGUEY-Un recluso que cumpl\u00eda medida preventiva en la c\u00e1rcel p\u00fablica de Hig\u00fcey muri\u00f3 este martes en la sala de emergencias del hospital Nuestra Se\u00f1ora de la Altagracia.<\/p>\n<p>Seg\u00fan inform\u00f3 el doctor de servicio del centro hospitalario, el hombre falleci\u00f3 por deshidrataci\u00f3n y falta de alimentos.<\/p>\n<p>El recluso fue identificado como Aleudy Sim\u00e1, de 28 a\u00f1os, quien cumpl\u00eda medida preventiva por tr\u00e1fico de drogas.<\/p>\n<p>De acuerdo a la doctora Mariel Veras, encargada del dispensario de la c\u00e1rcel, los polic\u00edas no llevan a los reclusos al consultorio, donde tienen que asistir para suministrarles medicamentos.<\/p>\n<p>En esta c\u00e1rcel hay una sobrepoblaci\u00f3n. Una celda preventiva tiene capacidad para cuarenta hombres y hay actualmente m\u00e1s de 200, lo que convierte a los presos en vulnerables para contraer cualquier virus o enfermedad.<\/p>\n<p>El cad\u00e1ver aun no ha sido reclamado por los familiares.<\/p>\n<\/div>\n<div><\/div>\n<p>&nbsp;<\/p>\n","protected":false},"excerpt":{"rendered":"<p>RD- HIGUEY-Un recluso que cumpl\u00eda medida preventiva en la c\u00e1rcel p\u00fablica de Hig\u00fcey muri\u00f3 este martes en la sala de emergencias del hospital Nuestra Se\u00f1ora de la Altagracia. Seg\u00fan inform\u00f3 el doctor de servicio del centro hospitalario, el hombre falleci\u00f3 por deshidrataci\u00f3n y falta de alimentos. El recluso fue identificado como Aleudy Sim\u00e1, de 28 [&hellip;]<\/p>\n","protected":false},"author":8,"featured_media":29167,"comment_status":"open","ping_status":"open","sticky":false,"template":"","format":"standard","meta":{"footnotes":""},"categories":[53,44,45],"tags":[],"class_list":["post-29166","post","type-post","status-publish","format-standard","has-post-thumbnail","hentry","category-provincias","category-republica-dominicana","category-salud"],"_links":{"self":[{"href":"https:\/\/2horizontes.com\/index.php?rest_route=\/wp\/v2\/posts\/29166","targetHints":{"allow":["GET"]}}],"collection":[{"href":"https:\/\/2horizontes.com\/index.php?rest_route=\/wp\/v2\/posts"}],"about":[{"href":"https:\/\/2horizontes.com\/index.php?rest_route=\/wp\/v2\/types\/post"}],"author":[{"embeddable":true,"href":"https:\/\/2horizontes.com\/index.php?rest_route=\/wp\/v2\/users\/8"}],"replies":[{"embeddable":true,"href":"https:\/\/2horizontes.com\/index.php?rest_route=%2Fwp%2Fv2%2Fcomments&post=29166"}],"version-history":[{"count":1,"href":"https:\/\/2horizontes.com\/index.php?rest_route=\/wp\/v2\/posts\/29166\/revisions"}],"predecessor-version":[{"id":29168,"href":"https:\/\/2horizontes.com\/index.php?rest_route=\/wp\/v2\/posts\/29166\/revisions\/29168"}],"wp:featuredmedia":[{"embeddable":true,"href":"https:\/\/2horizontes.com\/index.php?rest_route=\/wp\/v2\/media\/29167"}],"wp:attachment":[{"href":"https:\/\/2horizontes.com\/index.php?rest_route=%2Fwp%2Fv2%2Fmedia&parent=29166"}],"wp:term":[{"taxonomy":"category","embeddable":true,"href":"https:\/\/2horizontes.com\/index.php?rest_route=%2Fwp%2Fv2%2Fcategories&post=29166"},{"taxonomy":"post_tag","embeddable":true,"href":"https:\/\/2horizontes.com\/index.php?rest_route=%2Fwp%2Fv2%2Ftags&post=29166"}],"curies":[{"name":"wp","href":"https:\/\/api.w.org\/{rel}","templated":true}]}}