{"id":29152,"date":"2015-10-20T17:34:30","date_gmt":"2015-10-20T16:34:30","guid":{"rendered":"http:\/\/2horizontes.com\/?p=29152"},"modified":"2015-10-20T17:34:30","modified_gmt":"2015-10-20T16:34:30","slug":"irlanda-investigara-transferencia-de-datos-personales-de-facebook-a-eeuu","status":"publish","type":"post","link":"https:\/\/2horizontes.com\/?p=29152","title":{"rendered":"Irlanda investigar\u00e1 transferencia de datos personales de Facebook a EEUU"},"content":{"rendered":"<p>El Tribunal Superior irland\u00e9s orden\u00f3 este martes a la autoridad competente de este pa\u00eds que abra una investigaci\u00f3n sobre la transferencia de datos personales de ciudadanos europeos por parte de Facebook a EEUU.<\/p>\n<p>La decisi\u00f3n judicial se enmarca dentro de la campa\u00f1a lanzada hace dos a\u00f1os y medio por el estudiante austr\u00edaco Max Schrems para descubrir cu\u00e1nta y qu\u00e9 tipo de informaci\u00f3n personal traslada la popular red social a las autoridades estadounidenses.<\/p>\n<p>Schrems denunci\u00f3 en 2013 a Facebook ante la Comisi\u00f3n de Protecci\u00f3n de Datos de Irlanda (DPC), que tiene responsabilidad de vigilar el cumplimiento de la legislaci\u00f3n vigente por parte de la red social, ya que esta tiene su base de operaciones europeas en Dubl\u00edn.<\/p>\n<p>La DPC se neg\u00f3 al principio a investigar la demanda del activista, pero se ha visto obligada a rectificar despu\u00e9s de que el Tribunal de Justicia de la Uni\u00f3n Europea (UE) dictara a principios de este mes una sentencia hist\u00f3rica contra la transferencia de datos personales de ciudadanos europeos a EEUU, que obligar\u00e1 a Bruselas a negociar con Washington un nuevo marco de mayor protecci\u00f3n.<\/p>\n<p>\u201cLa Comisi\u00f3n est\u00e1 ahora obligada a investigar las quejas (\u2026) y estoy totalmente seguro de que as\u00ed lo har\u00e1\u201d, declar\u00f3 hoy el juez del Tribunal Superior de Dubl\u00edn Gerard Hogan.<\/p>\n<p>El magistrado record\u00f3 que la DPC hab\u00eda desestimado la reclamaci\u00f3n de Schrems, entre otros motivos, porque entend\u00eda que la Comisi\u00f3n Europea (CE) ya hab\u00eda considerado que EEUU era un \u201cpuerto seguro\u201d, lo que garantiza un nivel adecuado de protecci\u00f3n de los datos personales transferidos.<\/p>\n<p>El llamado puerto seguro (Safe Harbour) es un acuerdo de transferencia de datos entre la Uni\u00f3n Europea y Estados Unidos.<\/p>\n","protected":false},"excerpt":{"rendered":"<p>El Tribunal Superior irland\u00e9s orden\u00f3 este martes a la autoridad competente de este pa\u00eds que abra una investigaci\u00f3n sobre la transferencia de datos personales de ciudadanos europeos por parte de Facebook a EEUU. La decisi\u00f3n judicial se enmarca dentro de la campa\u00f1a lanzada hace dos a\u00f1os y medio por el estudiante austr\u00edaco Max Schrems para [&hellip;]<\/p>\n","protected":false},"author":3,"featured_media":29155,"comment_status":"open","ping_status":"open","sticky":false,"template":"","format":"standard","meta":{"footnotes":""},"categories":[40,84],"tags":[],"class_list":["post-29152","post","type-post","status-publish","format-standard","has-post-thumbnail","hentry","category-internacionales","category-otras-noticias"],"_links":{"self":[{"href":"https:\/\/2horizontes.com\/index.php?rest_route=\/wp\/v2\/posts\/29152","targetHints":{"allow":["GET"]}}],"collection":[{"href":"https:\/\/2horizontes.com\/index.php?rest_route=\/wp\/v2\/posts"}],"about":[{"href":"https:\/\/2horizontes.com\/index.php?rest_route=\/wp\/v2\/types\/post"}],"author":[{"embeddable":true,"href":"https:\/\/2horizontes.com\/index.php?rest_route=\/wp\/v2\/users\/3"}],"replies":[{"embeddable":true,"href":"https:\/\/2horizontes.com\/index.php?rest_route=%2Fwp%2Fv2%2Fcomments&post=29152"}],"version-history":[{"count":1,"href":"https:\/\/2horizontes.com\/index.php?rest_route=\/wp\/v2\/posts\/29152\/revisions"}],"predecessor-version":[{"id":29156,"href":"https:\/\/2horizontes.com\/index.php?rest_route=\/wp\/v2\/posts\/29152\/revisions\/29156"}],"wp:featuredmedia":[{"embeddable":true,"href":"https:\/\/2horizontes.com\/index.php?rest_route=\/wp\/v2\/media\/29155"}],"wp:attachment":[{"href":"https:\/\/2horizontes.com\/index.php?rest_route=%2Fwp%2Fv2%2Fmedia&parent=29152"}],"wp:term":[{"taxonomy":"category","embeddable":true,"href":"https:\/\/2horizontes.com\/index.php?rest_route=%2Fwp%2Fv2%2Fcategories&post=29152"},{"taxonomy":"post_tag","embeddable":true,"href":"https:\/\/2horizontes.com\/index.php?rest_route=%2Fwp%2Fv2%2Ftags&post=29152"}],"curies":[{"name":"wp","href":"https:\/\/api.w.org\/{rel}","templated":true}]}}