{"id":29149,"date":"2015-10-20T17:30:55","date_gmt":"2015-10-20T16:30:55","guid":{"rendered":"http:\/\/2horizontes.com\/?p=29149"},"modified":"2015-10-20T17:30:55","modified_gmt":"2015-10-20T16:30:55","slug":"estas-famosas-superaron-el-cancer-de-mama","status":"publish","type":"post","link":"https:\/\/2horizontes.com\/?p=29149","title":{"rendered":"Estas famosas superaron el c\u00e1ncer de mama"},"content":{"rendered":"<p>El c\u00e1ncer de mama es un tumor maligno que se desarrolla en las c\u00e9lulas del seno, que progresivamente va propag\u00e1ndose hasta hacer met\u00e1stasis.<\/p>\n<p>La enfermedad, que no solo la padece mujeres sino tambi\u00e9n los hombres aunque en un porcentaje reducido, no distingue sexo, ni mucho menos raza, edad, profesi\u00f3n y\/o clase social.<\/p>\n<p>A prop\u00f3sito de celebrase este 19 octubre el D\u00eda Mundial Contra el C\u00e1ncer de Mama, a continuaci\u00f3n la lista de celebridades nacionales e internacionales que fueron v\u00edctimas de la enfermedad, pero que la enfrentaron y ganaron la batalla:<\/p>\n<p>-Tania Sarabia<\/p>\n<p>En 2004 le detectaron c\u00e1ncer de mama, que seg\u00fan la misma actriz le cambi\u00f3 la vida. Luego de ganar su batalla contra la enfermedad, se ha propuesto llevar un mensaje de reflexi\u00f3n y apoyo a todas esas mujeres v\u00edctimas de este mal a trav\u00e9s de la Asociaci\u00f3n Civil Senos Ayuda.<\/p>\n<p>-Alicia Machado<\/p>\n<p>La actriz y exmiss Universo revel\u00f3 en una entrevista en CNN que en 2012 le fue diagnosticado c\u00e1ncer de mama. Machado detall\u00f3 que cuando le fue detectada la enfermedad, estuvo muy delicada de salud. Sin embago, dijo que se someti\u00f3 a una operaci\u00f3n con la que este mal termin\u00f3, en julio de 2013.<\/p>\n<p>-Adamari L\u00f3pez<\/p>\n<p>En 2005 a la actriz le fue diagnosticado c\u00e1ncer de seno, a sus 34 a\u00f1os. La puertorrique\u00f1a debi\u00f3 someterse a una doble mastectom\u00eda, quimioterapia y la reconstrucci\u00f3n de sus senos para superar la enfermedad.<\/p>\n<p>-Ana Maria Polo<\/p>\n<p>En 2003 detect\u00f3 a tiempo el c\u00e1ncer de mama, seg\u00fan ha afirmado la abogada y presentadora del programa \u201cCaso cerrado\u201d. Actualmente es portavoz de un mensaje para crear conciencia para la prevenci\u00f3n del c\u00e1ncer.<\/p>\n<p>-Angelina Jolie<\/p>\n<p>Aunque no le fue diagnosticada la enfermedad como tal, Jolie se someti\u00f3 a una doble masectom\u00eda ante las probabilidades que ten\u00eda de desarrollar un c\u00e1ncer de pecho, que era del 87%.<\/p>\n<p>-Daniela Romo<\/p>\n<p>A sus 52 a\u00f1os fue diagn\u00f3sticada con c\u00e1ncer de mama. En su seno izquierdo le extirparon un tumor, adem\u00e1s de ser sometida a quimioterapia.<\/p>\n<p>-Alejandra Guzman<\/p>\n<p>La cantante mexicana tambi\u00e9n fue v\u00edctima de la enfermedad, diagnosticada en 2007. Sin embargo, la super\u00f3 r\u00e1pidamente porque se la detectaron a tiempo.<\/p>\n","protected":false},"excerpt":{"rendered":"<p>El c\u00e1ncer de mama es un tumor maligno que se desarrolla en las c\u00e9lulas del seno, que progresivamente va propag\u00e1ndose hasta hacer met\u00e1stasis. La enfermedad, que no solo la padece mujeres sino tambi\u00e9n los hombres aunque en un porcentaje reducido, no distingue sexo, ni mucho menos raza, edad, profesi\u00f3n y\/o clase social. A prop\u00f3sito de [&hellip;]<\/p>\n","protected":false},"author":3,"featured_media":29150,"comment_status":"open","ping_status":"open","sticky":false,"template":"","format":"standard","meta":{"footnotes":""},"categories":[1,45],"tags":[],"class_list":["post-29149","post","type-post","status-publish","format-standard","has-post-thumbnail","hentry","category-entretenimiento","category-salud"],"_links":{"self":[{"href":"https:\/\/2horizontes.com\/index.php?rest_route=\/wp\/v2\/posts\/29149","targetHints":{"allow":["GET"]}}],"collection":[{"href":"https:\/\/2horizontes.com\/index.php?rest_route=\/wp\/v2\/posts"}],"about":[{"href":"https:\/\/2horizontes.com\/index.php?rest_route=\/wp\/v2\/types\/post"}],"author":[{"embeddable":true,"href":"https:\/\/2horizontes.com\/index.php?rest_route=\/wp\/v2\/users\/3"}],"replies":[{"embeddable":true,"href":"https:\/\/2horizontes.com\/index.php?rest_route=%2Fwp%2Fv2%2Fcomments&post=29149"}],"version-history":[{"count":1,"href":"https:\/\/2horizontes.com\/index.php?rest_route=\/wp\/v2\/posts\/29149\/revisions"}],"predecessor-version":[{"id":29151,"href":"https:\/\/2horizontes.com\/index.php?rest_route=\/wp\/v2\/posts\/29149\/revisions\/29151"}],"wp:featuredmedia":[{"embeddable":true,"href":"https:\/\/2horizontes.com\/index.php?rest_route=\/wp\/v2\/media\/29150"}],"wp:attachment":[{"href":"https:\/\/2horizontes.com\/index.php?rest_route=%2Fwp%2Fv2%2Fmedia&parent=29149"}],"wp:term":[{"taxonomy":"category","embeddable":true,"href":"https:\/\/2horizontes.com\/index.php?rest_route=%2Fwp%2Fv2%2Fcategories&post=29149"},{"taxonomy":"post_tag","embeddable":true,"href":"https:\/\/2horizontes.com\/index.php?rest_route=%2Fwp%2Fv2%2Ftags&post=29149"}],"curies":[{"name":"wp","href":"https:\/\/api.w.org\/{rel}","templated":true}]}}