{"id":29145,"date":"2015-10-20T17:25:45","date_gmt":"2015-10-20T16:25:45","guid":{"rendered":"http:\/\/2horizontes.com\/?p=29145"},"modified":"2015-10-20T17:25:45","modified_gmt":"2015-10-20T16:25:45","slug":"fallece-miss-austria-2013-tras-caer-de-una-montana","status":"publish","type":"post","link":"https:\/\/2horizontes.com\/?p=29145","title":{"rendered":"Fallece Miss Austria 2013 tras caer de una monta\u00f1a"},"content":{"rendered":"<p>Ex Miss Austria Ena Kadic falleci\u00f3 este martes a consecuencia de las heridas sufridas tras una ca\u00edda en la monta\u00f1a, mientras corr\u00eda en su estado natal de Tirol, inform\u00f3 la polic\u00eda.<\/p>\n<p>La joven, de 26 a\u00f1os, se encontraba en estado cr\u00edtico desde que el viernes resbal\u00f3 por la falda de la monta\u00f1a Bergisel, cerca de la ciudad de Innsbruck.<\/p>\n<p>Dos estudiantes descubrieron a la mujer, gravemente herida, cerca de la plataforma Drachenfelsen (la roca del drag\u00f3n), sobre un empinado barranco sobre el r\u00edo Sill.<\/p>\n<p>Poco despu\u00e9s de caer al suelo, Kadic logr\u00f3 llamar a su hermano para informarle del accidente, antes de perder el conocimiento, explic\u00f3 la polic\u00eda.<\/p>\n<p>Kadic fue rescatada por un helic\u00f3ptero y trasladada a un hospital en Innsbruck, donde sucumbi\u00f3 a las heridas este martes por la ma\u00f1ana.<\/p>\n<p>Las circunstancias concretas que rodean al accidente no est\u00e1n claras, pero la polic\u00eda dijo que la ganadora del concurso de belleza de 2013 era una \u00e1vida corredora que conoc\u00eda bien la zona.<\/p>\n<p>Unas 115 personas murieron y 2.385 resultaron heridas entre mayo y septiembre en los Alpes austr\u00edacos, seg\u00fan las \u00faltimas estad\u00edsticas.<\/p>\n","protected":false},"excerpt":{"rendered":"<p>Ex Miss Austria Ena Kadic falleci\u00f3 este martes a consecuencia de las heridas sufridas tras una ca\u00edda en la monta\u00f1a, mientras corr\u00eda en su estado natal de Tirol, inform\u00f3 la polic\u00eda. La joven, de 26 a\u00f1os, se encontraba en estado cr\u00edtico desde que el viernes resbal\u00f3 por la falda de la monta\u00f1a Bergisel, cerca de [&hellip;]<\/p>\n","protected":false},"author":3,"featured_media":29147,"comment_status":"open","ping_status":"open","sticky":false,"template":"","format":"standard","meta":{"footnotes":""},"categories":[1],"tags":[],"class_list":["post-29145","post","type-post","status-publish","format-standard","has-post-thumbnail","hentry","category-entretenimiento"],"_links":{"self":[{"href":"https:\/\/2horizontes.com\/index.php?rest_route=\/wp\/v2\/posts\/29145","targetHints":{"allow":["GET"]}}],"collection":[{"href":"https:\/\/2horizontes.com\/index.php?rest_route=\/wp\/v2\/posts"}],"about":[{"href":"https:\/\/2horizontes.com\/index.php?rest_route=\/wp\/v2\/types\/post"}],"author":[{"embeddable":true,"href":"https:\/\/2horizontes.com\/index.php?rest_route=\/wp\/v2\/users\/3"}],"replies":[{"embeddable":true,"href":"https:\/\/2horizontes.com\/index.php?rest_route=%2Fwp%2Fv2%2Fcomments&post=29145"}],"version-history":[{"count":1,"href":"https:\/\/2horizontes.com\/index.php?rest_route=\/wp\/v2\/posts\/29145\/revisions"}],"predecessor-version":[{"id":29148,"href":"https:\/\/2horizontes.com\/index.php?rest_route=\/wp\/v2\/posts\/29145\/revisions\/29148"}],"wp:featuredmedia":[{"embeddable":true,"href":"https:\/\/2horizontes.com\/index.php?rest_route=\/wp\/v2\/media\/29147"}],"wp:attachment":[{"href":"https:\/\/2horizontes.com\/index.php?rest_route=%2Fwp%2Fv2%2Fmedia&parent=29145"}],"wp:term":[{"taxonomy":"category","embeddable":true,"href":"https:\/\/2horizontes.com\/index.php?rest_route=%2Fwp%2Fv2%2Fcategories&post=29145"},{"taxonomy":"post_tag","embeddable":true,"href":"https:\/\/2horizontes.com\/index.php?rest_route=%2Fwp%2Fv2%2Ftags&post=29145"}],"curies":[{"name":"wp","href":"https:\/\/api.w.org\/{rel}","templated":true}]}}