{"id":29116,"date":"2015-10-20T16:58:16","date_gmt":"2015-10-20T15:58:16","guid":{"rendered":"http:\/\/2horizontes.com\/?p=29116"},"modified":"2015-10-20T16:58:16","modified_gmt":"2015-10-20T15:58:16","slug":"cuatro-dias-de-colas-en-la-gran-via-para-entrar-en-primark","status":"publish","type":"post","link":"https:\/\/2horizontes.com\/?p=29116","title":{"rendered":"Cuatro d\u00edas de colas en la Gran V\u00eda para entrar en Primark"},"content":{"rendered":"<p>Cuatro d\u00edas abierta y cuatro d\u00edas con colas. La tienda que la cadena irlandesa de ropa Primark abri\u00f3 el pasado jueves en el emblem\u00e1tico n\u00famero 32 de la Gran V\u00eda de Madrid, la segunda m\u00e1s grande de la compa\u00f1\u00eda solo por detr\u00e1s de la de Manchester,ha sufrido desde su apertura largas colas durante todas las jornadas de trabajo.<\/p>\n<p>En la ma\u00f1ana y en la tarde del lunes la hilera de personas transcurr\u00eda, como si fuese \u00e9poca de rebajas, por varias calles. Solo entre las 14.00 y las 16.00, la entrada estuvo un poco m\u00e1s despejada.<\/p>\n<p>La afluencia ni siquiera mengu\u00f3 el domingo, un d\u00eda en el que cayeron grandes chaparrones en la capital.<\/p>\n<p>Protegida con paraguas, la fila de clientes llegaba hasta la plaza de la Luna. A pesar de que la compa\u00f1\u00eda coloc\u00f3 vallas para que la cola se formase en zigzag en algunos tramos, la l\u00ednea de compradores alcanz\u00f3 pr\u00e1cticamente los 300 metros.<\/p>\n<p>Estos d\u00edas ha llegado a haber hasta una hora de espera. Esto parece una atracci\u00f3n\u201d, dice uno de los muchos auxiliares que controla que nadie se cuele.<\/p>\n<p>El domingo, como el d\u00eda de la apertura, varios trabajadores de Primark repartieron tickets en la cola para poder acceder a las cinco plantas que el gigante low cost ha abierto en el centro de Madrid.<\/p>\n<p>Unas 350 personas avanzaban el lunes a las 16.30 por la calle de Mesonero Romano hacia la entrada de Primark. Horas despu\u00e9s, la hilera de clientes, controlada por una docena de auxiliares, era todav\u00eda m\u00e1s larga.<\/p>\n<p>Ninguna de las otras tiendas de la Gran V\u00eda, una de las principales arterias comerciales de la capital, sufri\u00f3 una asistencia parecida.<\/p>\n<p>Ana Novella, sin embargo, aprovech\u00f3 la hora de la comida para no estar esperando fuera. \u201cHe entrado porque llov\u00eda y he comprado mucha ropa de invierno. Lo bueno es que todo lo que he cogido es muy barato\u201d, dice Novella.<\/p>\n","protected":false},"excerpt":{"rendered":"<p>Cuatro d\u00edas abierta y cuatro d\u00edas con colas. La tienda que la cadena irlandesa de ropa Primark abri\u00f3 el pasado jueves en el emblem\u00e1tico n\u00famero 32 de la Gran V\u00eda de Madrid, la segunda m\u00e1s grande de la compa\u00f1\u00eda solo por detr\u00e1s de la de Manchester,ha sufrido desde su apertura largas colas durante todas las [&hellip;]<\/p>\n","protected":false},"author":3,"featured_media":29118,"comment_status":"open","ping_status":"open","sticky":false,"template":"","format":"standard","meta":{"footnotes":""},"categories":[85],"tags":[],"class_list":["post-29116","post","type-post","status-publish","format-standard","has-post-thumbnail","hentry","category-espana"],"_links":{"self":[{"href":"https:\/\/2horizontes.com\/index.php?rest_route=\/wp\/v2\/posts\/29116","targetHints":{"allow":["GET"]}}],"collection":[{"href":"https:\/\/2horizontes.com\/index.php?rest_route=\/wp\/v2\/posts"}],"about":[{"href":"https:\/\/2horizontes.com\/index.php?rest_route=\/wp\/v2\/types\/post"}],"author":[{"embeddable":true,"href":"https:\/\/2horizontes.com\/index.php?rest_route=\/wp\/v2\/users\/3"}],"replies":[{"embeddable":true,"href":"https:\/\/2horizontes.com\/index.php?rest_route=%2Fwp%2Fv2%2Fcomments&post=29116"}],"version-history":[{"count":1,"href":"https:\/\/2horizontes.com\/index.php?rest_route=\/wp\/v2\/posts\/29116\/revisions"}],"predecessor-version":[{"id":29119,"href":"https:\/\/2horizontes.com\/index.php?rest_route=\/wp\/v2\/posts\/29116\/revisions\/29119"}],"wp:featuredmedia":[{"embeddable":true,"href":"https:\/\/2horizontes.com\/index.php?rest_route=\/wp\/v2\/media\/29118"}],"wp:attachment":[{"href":"https:\/\/2horizontes.com\/index.php?rest_route=%2Fwp%2Fv2%2Fmedia&parent=29116"}],"wp:term":[{"taxonomy":"category","embeddable":true,"href":"https:\/\/2horizontes.com\/index.php?rest_route=%2Fwp%2Fv2%2Fcategories&post=29116"},{"taxonomy":"post_tag","embeddable":true,"href":"https:\/\/2horizontes.com\/index.php?rest_route=%2Fwp%2Fv2%2Ftags&post=29116"}],"curies":[{"name":"wp","href":"https:\/\/api.w.org\/{rel}","templated":true}]}}