{"id":29112,"date":"2015-10-20T16:54:52","date_gmt":"2015-10-20T15:54:52","guid":{"rendered":"http:\/\/2horizontes.com\/?p=29112"},"modified":"2015-10-20T16:54:52","modified_gmt":"2015-10-20T15:54:52","slug":"detenida-una-espanola-en-barajas-que-iba-a-unirse-al-estado-islamico","status":"publish","type":"post","link":"https:\/\/2horizontes.com\/?p=29112","title":{"rendered":"Detenida una espa\u00f1ola en Barajas que iba a unirse al Estado Isl\u00e1mico"},"content":{"rendered":"<p>Una mujer de 22 a\u00f1os de Almonte (Huelva) ha sido detenida el lunes por la noche en el aeropuerto madrile\u00f1o de Barajas cuando pretend\u00eda volar con destino a Turqu\u00eda presuntamente para unirse al Estado Isl\u00e1mico, informaron a EL PA\u00cdS fuentes del Ministerio del Interior.<\/p>\n<p>La arrestada es natural de un pueblo de Huelva y se hab\u00eda convertido al islam y radicalizado en poco tiempo por medio de mensajes en Internet. La Guardia Civil, responsable de la operaci\u00f3n, la detect\u00f3 por los rastreos constantes que hace en foros yihadistas de la red, agregaron las fuentes.<\/p>\n<p>La joven fue arrestada cuando se dispon\u00eda a tomar un vuelo a Turqu\u00eda, punto habitual de entrada a Irak y Siria para quienes se unen al Estado Isl\u00e1mico. Su casa va a ser ahora registrada. Se encargan del caso el Juzgado Central de Instrucci\u00f3n 1 y la Fiscal\u00eda de la Audiencia Nacional.<\/p>\n<p>El pasado julio, una mujer fue detenida en Arrecife (Lanzarote) acusada de reclutar ni\u00f1as y adolescentes y facilitarles el desplazamiento a zonas controladas por el Estado Isl\u00e1mico.<\/p>\n<p>La mujer \u00abincitaba\u00bb a las menores a viajar, les facilitaba la ruta y las medidas de seguridad necesarias para no ser detectadas durante el tr\u00e1nsito.<\/p>\n<p>El director general de la Guardia Civil, Arsenio Fern\u00e1ndez de Mesa, ha felicitado este martes a los agentes que han detenido a la mujer en Barajas. Seg\u00fan fuentes de la lucha antiterrorista citadas por la agencia Europa Press, a fecha de 20 septiembre un total de 130 personas hab\u00eda abandonado Espa\u00f1a para unirse a grupos yihadistas.<\/p>\n","protected":false},"excerpt":{"rendered":"<p>Una mujer de 22 a\u00f1os de Almonte (Huelva) ha sido detenida el lunes por la noche en el aeropuerto madrile\u00f1o de Barajas cuando pretend\u00eda volar con destino a Turqu\u00eda presuntamente para unirse al Estado Isl\u00e1mico, informaron a EL PA\u00cdS fuentes del Ministerio del Interior. La arrestada es natural de un pueblo de Huelva y se [&hellip;]<\/p>\n","protected":false},"author":3,"featured_media":29114,"comment_status":"open","ping_status":"open","sticky":false,"template":"","format":"standard","meta":{"footnotes":""},"categories":[85],"tags":[],"class_list":["post-29112","post","type-post","status-publish","format-standard","has-post-thumbnail","hentry","category-espana"],"_links":{"self":[{"href":"https:\/\/2horizontes.com\/index.php?rest_route=\/wp\/v2\/posts\/29112","targetHints":{"allow":["GET"]}}],"collection":[{"href":"https:\/\/2horizontes.com\/index.php?rest_route=\/wp\/v2\/posts"}],"about":[{"href":"https:\/\/2horizontes.com\/index.php?rest_route=\/wp\/v2\/types\/post"}],"author":[{"embeddable":true,"href":"https:\/\/2horizontes.com\/index.php?rest_route=\/wp\/v2\/users\/3"}],"replies":[{"embeddable":true,"href":"https:\/\/2horizontes.com\/index.php?rest_route=%2Fwp%2Fv2%2Fcomments&post=29112"}],"version-history":[{"count":1,"href":"https:\/\/2horizontes.com\/index.php?rest_route=\/wp\/v2\/posts\/29112\/revisions"}],"predecessor-version":[{"id":29115,"href":"https:\/\/2horizontes.com\/index.php?rest_route=\/wp\/v2\/posts\/29112\/revisions\/29115"}],"wp:featuredmedia":[{"embeddable":true,"href":"https:\/\/2horizontes.com\/index.php?rest_route=\/wp\/v2\/media\/29114"}],"wp:attachment":[{"href":"https:\/\/2horizontes.com\/index.php?rest_route=%2Fwp%2Fv2%2Fmedia&parent=29112"}],"wp:term":[{"taxonomy":"category","embeddable":true,"href":"https:\/\/2horizontes.com\/index.php?rest_route=%2Fwp%2Fv2%2Fcategories&post=29112"},{"taxonomy":"post_tag","embeddable":true,"href":"https:\/\/2horizontes.com\/index.php?rest_route=%2Fwp%2Fv2%2Ftags&post=29112"}],"curies":[{"name":"wp","href":"https:\/\/api.w.org\/{rel}","templated":true}]}}