{"id":29094,"date":"2015-10-20T16:29:49","date_gmt":"2015-10-20T15:29:49","guid":{"rendered":"http:\/\/2horizontes.com\/?p=29094"},"modified":"2015-10-20T16:29:49","modified_gmt":"2015-10-20T15:29:49","slug":"el-gobierno-colegio-medico-y-clinicas-unen-esfuerzos-para-frenar-dengue-en-rd","status":"publish","type":"post","link":"https:\/\/2horizontes.com\/?p=29094","title":{"rendered":"El Gobierno, Colegio M\u00e9dico y cl\u00ednicas unen esfuerzos para frenar dengue en RD"},"content":{"rendered":"<p>RD-SANTO DOMINGO-. El Ministerio de Salud P\u00fablica, el Colegio M\u00e9dico Dominicano (CMD) y la Asociaci\u00f3n de Cl\u00ednicas Privadas (Andeclip) trabajar\u00e1n juntos en la prevenci\u00f3n del dengue.<\/p>\n<p>La ministra Altagracia Guzm\u00e1n Marcelino; el presidente del CMD, Pedro Sing Ure\u00f1a, y el presidente de Andeclip, Rafael Mena, anunciaron que este martes iniciar\u00e1n visitas a los centros de salud para verificar el cumplimiento de las normas.<\/p>\n<p>Guzm\u00e1n Marcelino reiter\u00f3 que fue declarada de urgencia la aplicaci\u00f3n de la hoja de monitoreo de evoluci\u00f3n de los pacientes ingresados por dengue en los establecimientos de salud.<\/p>\n<p>Dijo que personal de ese ministerio ha visitado 523,339 hogares, eliminado 240,846 criaderos y anunci\u00f3 que en los pr\u00f3ximos d\u00edas miles de empleados p\u00fablicos se unir\u00e1n a las labores de educaci\u00f3n y prevenci\u00f3n.<\/p>\n<p>Inform\u00f3 que hay m\u00e1s de 7,300 casos probables de dengue y que los fallecidos hasta la fecha son 95.<\/p>\n<p>De su lado, Sing llam\u00f3 a la poblaci\u00f3n a \u201csumarse y a ponerle atenci\u00f3n a quienes est\u00e9n presentando los s\u00edntomas, especialmente a los ni\u00f1os\u201d.<\/p>\n<p>\u201cAunaremos nuestros esfuerzos para que en el pa\u00eds no muera una persona m\u00e1s, especialmente ni\u00f1os por causa del dengue. Todo s\u00edntoma febril es dengue, hasta que se demuestre lo contrario, le pedimos a la poblaci\u00f3n que acuda al m\u00e9dico desde que sienta algunos de esos s\u00edntomas\u201d, indic\u00f3.<\/p>\n","protected":false},"excerpt":{"rendered":"<p>RD-SANTO DOMINGO-. El Ministerio de Salud P\u00fablica, el Colegio M\u00e9dico Dominicano (CMD) y la Asociaci\u00f3n de Cl\u00ednicas Privadas (Andeclip) trabajar\u00e1n juntos en la prevenci\u00f3n del dengue. La ministra Altagracia Guzm\u00e1n Marcelino; el presidente del CMD, Pedro Sing Ure\u00f1a, y el presidente de Andeclip, Rafael Mena, anunciaron que este martes iniciar\u00e1n visitas a los centros de [&hellip;]<\/p>\n","protected":false},"author":8,"featured_media":29095,"comment_status":"open","ping_status":"open","sticky":false,"template":"","format":"standard","meta":{"footnotes":""},"categories":[44,45],"tags":[],"class_list":["post-29094","post","type-post","status-publish","format-standard","has-post-thumbnail","hentry","category-republica-dominicana","category-salud"],"_links":{"self":[{"href":"https:\/\/2horizontes.com\/index.php?rest_route=\/wp\/v2\/posts\/29094","targetHints":{"allow":["GET"]}}],"collection":[{"href":"https:\/\/2horizontes.com\/index.php?rest_route=\/wp\/v2\/posts"}],"about":[{"href":"https:\/\/2horizontes.com\/index.php?rest_route=\/wp\/v2\/types\/post"}],"author":[{"embeddable":true,"href":"https:\/\/2horizontes.com\/index.php?rest_route=\/wp\/v2\/users\/8"}],"replies":[{"embeddable":true,"href":"https:\/\/2horizontes.com\/index.php?rest_route=%2Fwp%2Fv2%2Fcomments&post=29094"}],"version-history":[{"count":1,"href":"https:\/\/2horizontes.com\/index.php?rest_route=\/wp\/v2\/posts\/29094\/revisions"}],"predecessor-version":[{"id":29096,"href":"https:\/\/2horizontes.com\/index.php?rest_route=\/wp\/v2\/posts\/29094\/revisions\/29096"}],"wp:featuredmedia":[{"embeddable":true,"href":"https:\/\/2horizontes.com\/index.php?rest_route=\/wp\/v2\/media\/29095"}],"wp:attachment":[{"href":"https:\/\/2horizontes.com\/index.php?rest_route=%2Fwp%2Fv2%2Fmedia&parent=29094"}],"wp:term":[{"taxonomy":"category","embeddable":true,"href":"https:\/\/2horizontes.com\/index.php?rest_route=%2Fwp%2Fv2%2Fcategories&post=29094"},{"taxonomy":"post_tag","embeddable":true,"href":"https:\/\/2horizontes.com\/index.php?rest_route=%2Fwp%2Fv2%2Ftags&post=29094"}],"curies":[{"name":"wp","href":"https:\/\/api.w.org\/{rel}","templated":true}]}}