{"id":29066,"date":"2015-10-20T11:13:43","date_gmt":"2015-10-20T10:13:43","guid":{"rendered":"http:\/\/2horizontes.com\/?p=29066"},"modified":"2015-10-20T11:13:43","modified_gmt":"2015-10-20T10:13:43","slug":"director-rae-el-espanol-es-universal-gracias-a-las-colonias-independientes","status":"publish","type":"post","link":"https:\/\/2horizontes.com\/?p=29066","title":{"rendered":"Director RAE: el espa\u00f1ol es universal gracias a las colonias independientes"},"content":{"rendered":"<div id=\"ArticleAuthorDiv\" class=\"article-body-author\"><b>EFE<\/b><\/div>\n<div id=\"ArticleSourceDiv\" class=\"article-body-author\"><b>Montevideo<\/b><\/div>\n<div id=\"ArticleBody\">\n<p>El idioma espa\u00f1ol es \u00abecum\u00e9nico y universal\u00bb porque cuando las colonias proclamaron su independencia decidieron que fuese la lengua constitutiva de su naciones, dijo ayer en una entrevista con Efe en Montevideo el director de la Real Academia Espa\u00f1ola (RAE), Dar\u00edo Villanueva.<\/p>\n<p>\u00abEl espa\u00f1ol es la legua que es hoy no por la colonia, sino por la independencia\u00bb, asever\u00f3 Villanueva, que fue nombrado miembro \u00abcorrespondiente\u00bb de la Academia Nacional de Letras (ANL) de Uruguay durante una visita oficial al pa\u00eds sudamericano.<\/p>\n<p>\u00abEs una lengua ecum\u00e9nica y universal porque las rep\u00fablicas cuando proclaman su independencia deciden hacer del espa\u00f1ol la lengua constitutiva de la comunicaci\u00f3n dentro de su naci\u00f3n y de su estado\u00bb, explic\u00f3 quien tambi\u00e9n es presidente de la Fundaci\u00f3n del Espa\u00f1ol Urgente (Fund\u00e9u BBVA).<\/p>\n<p>En la \u00e9poca de la colonia hab\u00eda lenguas locales y la administraci\u00f3n espa\u00f1ola \u00abnunca tom\u00f3 la imposici\u00f3n de la lengua espa\u00f1ola como un asunto perentorio\u00bb, al tiempo que las \u00f3rdenes religiosas prefer\u00edan que sus cl\u00e9rigos aprendieran las lenguas ind\u00edgenas para adoctrinar en ellas\u00bb, coment\u00f3 Villanueva.<\/p>\n<p>\u00abEl grado de espa\u00f1olizaci\u00f3n ling\u00fc\u00edstica era bastante reducido durante la colonia, no llegaba al 20 % la poblaci\u00f3n americana que hablaba el espa\u00f1ol. Son las rep\u00fablicas las que lo ense\u00f1an y lo hacen la lengua universal que hoy es\u00bb, reiter\u00f3.<\/p>\n<p>Respecto a la expansi\u00f3n actual del castellano en Estados Unidos, donde se prev\u00e9 que en el a\u00f1o 2050 sea el idioma principal, Villanueva coment\u00f3 que se debe a \u00abla consideraci\u00f3n social, pol\u00edtica, econ\u00f3mica y cultural que est\u00e1 alcanzando\u00bb el espa\u00f1ol.<\/p>\n<p>El &#8216;spanglish&#8217;, fen\u00f3meno presente en Estados Unidos y por el cual algunos hispanos mezclan el espa\u00f1ol con el ingl\u00e9s en la formulaci\u00f3n de algunas palabras o expresiones, no es visto como una amenaza por Villanueva para la expansi\u00f3n del castellano en ese pa\u00eds.<\/p>\n<p>\u00abNo, no lo vemos en absoluto como una amenaza. Ni yo ni los especialistas ni los ling\u00fcistas. Es un fen\u00f3meno m\u00e1s espectacular que sustantivo y no constituye una lengua normalizada ni normalizable\u00bb, dijo el tambi\u00e9n presidente de la Asociaci\u00f3n de Academias de la Lengua Espa\u00f1ola (Asale).<\/p>\n<p>El crecimiento del espa\u00f1ol sigue hoy d\u00eda en Internet, donde ya es la tercera lengua, despu\u00e9s del ingl\u00e9s y el chino mandar\u00edn, y todav\u00eda \u00abpuede crecer m\u00e1s porque muchas comunidades est\u00e1n afectadas por la brecha digital y no tienen todo el acceso a la red y las nuevas tecnolog\u00edas\u00bb.<\/p>\n<p>Dijo recibir su nombramiento como \u00abacad\u00e9mico correspondiente\u00bb de la ANL como un \u00abregalo\u00bb y \u00abcon much\u00edsima satisfacci\u00f3n\u00bb.<\/p>\n<p>El fil\u00f3logo espa\u00f1ol explic\u00f3 que la figura del \u00abacad\u00e9mico correspondiente\u00bb existe en todas las academias de la lengua espa\u00f1ola y que supone que, sin ser miembro numerario de la instituci\u00f3n que as\u00ed te nombre, se colabora con ella en lo que pida o por iniciativa propia.<\/p>\n<p>El nombramiento de Villanueva fue recibido por el embajador de Espa\u00f1a en Uruguay, Roberto Varela, como \u00abuna excelente noticia\u00bb.<\/p>\n<p>\u00abDemuestra que el gran clima de cooperaci\u00f3n entre los dos pa\u00edses se traslada incluso a la materia ling\u00fc\u00edstica, un elemento esencial que nos une en tantas cosas y facilita las relaciones entre dos pueblos hermanos\u00bb, dijo Varela a Efe.<\/p>\n<p>El pleno de la ANL acept\u00f3 de forma un\u00e1nime el nombramiento de Villanueva, dijo a Efe el presidente de la academia uruguaya, Adolfo Elizainc\u00edn.<\/p>\n<p>En su visita oficial a Uruguay, el director de la RAE se reuni\u00f3 con la ministra de Educaci\u00f3n y Cultura del pa\u00eds, Mar\u00eda Julia Mu\u00f1oz, con quien coment\u00f3 los nuevos proyectos de la Asale.<\/p>\n<\/div>\n","protected":false},"excerpt":{"rendered":"<p>EFE Montevideo El idioma espa\u00f1ol es \u00abecum\u00e9nico y universal\u00bb porque cuando las colonias proclamaron su independencia decidieron que fuese la lengua constitutiva de su naciones, dijo ayer en una entrevista con Efe en Montevideo el director de la Real Academia Espa\u00f1ola (RAE), Dar\u00edo Villanueva. \u00abEl espa\u00f1ol es la legua que es hoy no por la [&hellip;]<\/p>\n","protected":false},"author":7,"featured_media":29067,"comment_status":"open","ping_status":"open","sticky":false,"template":"","format":"standard","meta":{"footnotes":""},"categories":[62,85,40],"tags":[],"class_list":["post-29066","post","type-post","status-publish","format-standard","has-post-thumbnail","hentry","category-cultura","category-espana","category-internacionales"],"_links":{"self":[{"href":"https:\/\/2horizontes.com\/index.php?rest_route=\/wp\/v2\/posts\/29066","targetHints":{"allow":["GET"]}}],"collection":[{"href":"https:\/\/2horizontes.com\/index.php?rest_route=\/wp\/v2\/posts"}],"about":[{"href":"https:\/\/2horizontes.com\/index.php?rest_route=\/wp\/v2\/types\/post"}],"author":[{"embeddable":true,"href":"https:\/\/2horizontes.com\/index.php?rest_route=\/wp\/v2\/users\/7"}],"replies":[{"embeddable":true,"href":"https:\/\/2horizontes.com\/index.php?rest_route=%2Fwp%2Fv2%2Fcomments&post=29066"}],"version-history":[{"count":1,"href":"https:\/\/2horizontes.com\/index.php?rest_route=\/wp\/v2\/posts\/29066\/revisions"}],"predecessor-version":[{"id":29068,"href":"https:\/\/2horizontes.com\/index.php?rest_route=\/wp\/v2\/posts\/29066\/revisions\/29068"}],"wp:featuredmedia":[{"embeddable":true,"href":"https:\/\/2horizontes.com\/index.php?rest_route=\/wp\/v2\/media\/29067"}],"wp:attachment":[{"href":"https:\/\/2horizontes.com\/index.php?rest_route=%2Fwp%2Fv2%2Fmedia&parent=29066"}],"wp:term":[{"taxonomy":"category","embeddable":true,"href":"https:\/\/2horizontes.com\/index.php?rest_route=%2Fwp%2Fv2%2Fcategories&post=29066"},{"taxonomy":"post_tag","embeddable":true,"href":"https:\/\/2horizontes.com\/index.php?rest_route=%2Fwp%2Fv2%2Ftags&post=29066"}],"curies":[{"name":"wp","href":"https:\/\/api.w.org\/{rel}","templated":true}]}}