{"id":29028,"date":"2015-10-20T10:02:05","date_gmt":"2015-10-20T09:02:05","guid":{"rendered":"http:\/\/2horizontes.com\/?p=29028"},"modified":"2015-10-20T10:04:26","modified_gmt":"2015-10-20T09:04:26","slug":"acuerdo-sobre-desaparecidos-simboliza-fin-del-conflicto-en-colombia","status":"publish","type":"post","link":"https:\/\/2horizontes.com\/?p=29028","title":{"rendered":"Acuerdo sobre desaparecidos simboliza fin del conflicto en Colombia"},"content":{"rendered":"<p>BOGOTA. &#8212; El alto comisionado para la paz de Colombia, Sergio Jaramillo, asegur\u00f3 hoy que el acuerdo pactado el pasado fin de semana con la guerrilla de las FARC sobre los desaparecidos del conflicto armado interno \u00absimboliza el fin del conflicto\u00bb.<\/p>\n<p>\u00abEsto que va a hacer esta unidad es lo que tiene que pasar al final de un conflicto, es lo que simboliza el fin del conflicto, cuando comenzamos a buscar las personas desaparecidas, las personas que murieron en manos de grupos armados ilegales o las v\u00edctimas de desaparici\u00f3n forzada\u00bb, sostuvo el funcionario.<\/p>\n<p>Jaramillo se\u00f1al\u00f3 que las Fuerzas Armadas Revolucionarias de Colombia explicar\u00e1n la suerte que corrieron miles de personas secuestradas.<\/p>\n<p>\u00abPueden ser tambi\u00e9n personas que simplemente desaparecieron por cuenta del desplazamiento, las personas ca\u00eddas en combate de la guerrilla y para nosotros, muy especialmente, nuestros soldados y polic\u00edas desaparecidos\u00bb, agreg\u00f3.<\/p>\n<p>Las declaraciones fueron hechas en compa\u00f1\u00eda del jefe de la Delegaci\u00f3n del gobierno, Humberto de la Calle, y de la directora de la Unidad de V\u00edctimas, Paula Gaviria, quienes explicaron los detalles del acuerdo pactado con las FARC.<\/p>\n<p>En dicho acuerdo se acord\u00f3 la b\u00fasqueda, ubicaci\u00f3n, identificaci\u00f3n y entrega de restos \u00f3seos de personas desaparecidas antes de la firma del acuerdo final de paz; las parte pactaron crear la Unidad Especial para la B\u00fasqueda de Personas Dadas por Desaparecidas en el contexto y en raz\u00f3n del conflicto, despu\u00e9s de la firma del acuerdo final entre las partes.<\/p>\n<p>\u00abEl prop\u00f3sito de esta unidad es crear un organismo de car\u00e1cter operativo. No es una comisi\u00f3n, no es un lugar de reuni\u00f3n para intercambiar informaci\u00f3n. Es un mecanismo operativo que debe tener grandes capacidades en el terreno y por lo tanto tiene que tener la estructura de una unidad, que tiene que tener un director\u00bb, asever\u00f3.<\/p>\n<p>Por su parte, De la Calle explic\u00f3 que las FARC deber\u00e1n dar informaci\u00f3n para \u00abentregarla al Comit\u00e9 Internacional de la Cruz Roja para que busquen a los desaparecidos. El Estado seguir\u00e1 buscando a los desaparecidos, a las personas inhumadas como &#8216;NN&#8217;, a las personas de las que no se tiene noticia en el contexto del conflicto armado\u00bb.<\/p>\n<p>El acuerdo entre las partes se anunci\u00f3 el pasado fin de semana en La Habana, Cuba.<\/p>\n<p>Hasta el momento, las partes han acordado los puntos de desarrollo agrario, participaci\u00f3n pol\u00edtica de los rebeldes, dejaci\u00f3n de las drogas ilegales por parte de las FARC y b\u00fasqueda de desaparecidos del conflicto.<\/p>\n<p>El gobierno del presidente colombiano Juan Manuel Santos inici\u00f3 un proceso de paz con las FARC, cuyas conversaciones se llevan a cabo en La Habana, Cuba, desde hace tres a\u00f1os.<\/p>\n<p>(Xinhua).<\/p>\n","protected":false},"excerpt":{"rendered":"<p>BOGOTA. &#8212; El alto comisionado para la paz de Colombia, Sergio Jaramillo, asegur\u00f3 hoy que el acuerdo pactado el pasado fin de semana con la guerrilla de las FARC sobre los desaparecidos del conflicto armado interno \u00absimboliza el fin del conflicto\u00bb. \u00abEsto que va a hacer esta unidad es lo que tiene que pasar al [&hellip;]<\/p>\n","protected":false},"author":7,"featured_media":29029,"comment_status":"open","ping_status":"open","sticky":false,"template":"","format":"standard","meta":{"footnotes":""},"categories":[50,40],"tags":[],"class_list":["post-29028","post","type-post","status-publish","format-standard","has-post-thumbnail","hentry","category-colombia","category-internacionales"],"_links":{"self":[{"href":"https:\/\/2horizontes.com\/index.php?rest_route=\/wp\/v2\/posts\/29028","targetHints":{"allow":["GET"]}}],"collection":[{"href":"https:\/\/2horizontes.com\/index.php?rest_route=\/wp\/v2\/posts"}],"about":[{"href":"https:\/\/2horizontes.com\/index.php?rest_route=\/wp\/v2\/types\/post"}],"author":[{"embeddable":true,"href":"https:\/\/2horizontes.com\/index.php?rest_route=\/wp\/v2\/users\/7"}],"replies":[{"embeddable":true,"href":"https:\/\/2horizontes.com\/index.php?rest_route=%2Fwp%2Fv2%2Fcomments&post=29028"}],"version-history":[{"count":3,"href":"https:\/\/2horizontes.com\/index.php?rest_route=\/wp\/v2\/posts\/29028\/revisions"}],"predecessor-version":[{"id":29031,"href":"https:\/\/2horizontes.com\/index.php?rest_route=\/wp\/v2\/posts\/29028\/revisions\/29031"}],"wp:featuredmedia":[{"embeddable":true,"href":"https:\/\/2horizontes.com\/index.php?rest_route=\/wp\/v2\/media\/29029"}],"wp:attachment":[{"href":"https:\/\/2horizontes.com\/index.php?rest_route=%2Fwp%2Fv2%2Fmedia&parent=29028"}],"wp:term":[{"taxonomy":"category","embeddable":true,"href":"https:\/\/2horizontes.com\/index.php?rest_route=%2Fwp%2Fv2%2Fcategories&post=29028"},{"taxonomy":"post_tag","embeddable":true,"href":"https:\/\/2horizontes.com\/index.php?rest_route=%2Fwp%2Fv2%2Ftags&post=29028"}],"curies":[{"name":"wp","href":"https:\/\/api.w.org\/{rel}","templated":true}]}}