{"id":2899,"date":"2015-01-03T16:23:27","date_gmt":"2015-01-03T16:23:27","guid":{"rendered":"http:\/\/2horizontes.com\/?p=2899"},"modified":"2015-01-03T16:23:27","modified_gmt":"2015-01-03T16:23:27","slug":"muere-periodista-atropellado-por-moto","status":"publish","type":"post","link":"https:\/\/2horizontes.com\/?p=2899","title":{"rendered":"Muere periodista  atropellado por moto"},"content":{"rendered":"<p>Barranquilla ,-El periodista Christian Villa Brieva, redactor del diario El Heraldo, falleci\u00f3 en la ma\u00f1ana de este s\u00e1bado despu\u00e9s de ser atropellado el pasado 23 de diciembre por una motocicleta, seg\u00fan publica el sitio web de ese medio de comunicaci\u00f3n.<\/p>\n<p>El comunicador, de 27 a\u00f1os, fue atropellado por la moto conducida por Andr\u00e9s Felipe Arenas Mej\u00eda, de 22 a\u00f1os, en la carrera 60 con la calle 66, barrio La Concepci\u00f3n, cuando se dispon\u00eda a regresar a su lugar de trabajo. Instantes despu\u00e9s de la colisi\u00f3n, Villa fue trasladado a la cl\u00ednica Jaller, a donde ingreso \u201cen coma por una hemorragia en la cabeza y fue operado de urgencia para drenarle un co\u00e1gulo de sangre\u201d, dice el art\u00edculo, en el cual se afirma que se desconoce la situaci\u00f3n judicial del motociclista.<\/p>\n<p>Se investiga si el motociclista habr\u00eda desatendido un sem\u00e1foro en rojo o si se movilizaba con exceso de velocidad.<\/p>\n<p>Villa era redactor de la secci\u00f3n tendencias y hab\u00eda hecho parte de los equipos de redacci\u00f3n web, informes especiales y deportes.<\/p>\n<p>Sus compa\u00f1eros lo recuerdan como un gran profesional y un excelente amigo.<\/p>\n<p>BARRANQUILLA<\/p>\n","protected":false},"excerpt":{"rendered":"<p>Barranquilla ,-El periodista Christian Villa Brieva, redactor del diario El Heraldo, falleci\u00f3 en la ma\u00f1ana de este s\u00e1bado despu\u00e9s de ser atropellado el pasado 23 de diciembre por una motocicleta, seg\u00fan publica el sitio web de ese medio de comunicaci\u00f3n. El comunicador, de 27 a\u00f1os, fue atropellado por la moto conducida por Andr\u00e9s Felipe Arenas [&hellip;]<\/p>\n","protected":false},"author":1,"featured_media":0,"comment_status":"open","ping_status":"open","sticky":false,"template":"","format":"standard","meta":{"footnotes":""},"categories":[1],"tags":[],"class_list":["post-2899","post","type-post","status-publish","format-standard","hentry","category-entretenimiento"],"_links":{"self":[{"href":"https:\/\/2horizontes.com\/index.php?rest_route=\/wp\/v2\/posts\/2899","targetHints":{"allow":["GET"]}}],"collection":[{"href":"https:\/\/2horizontes.com\/index.php?rest_route=\/wp\/v2\/posts"}],"about":[{"href":"https:\/\/2horizontes.com\/index.php?rest_route=\/wp\/v2\/types\/post"}],"author":[{"embeddable":true,"href":"https:\/\/2horizontes.com\/index.php?rest_route=\/wp\/v2\/users\/1"}],"replies":[{"embeddable":true,"href":"https:\/\/2horizontes.com\/index.php?rest_route=%2Fwp%2Fv2%2Fcomments&post=2899"}],"version-history":[{"count":1,"href":"https:\/\/2horizontes.com\/index.php?rest_route=\/wp\/v2\/posts\/2899\/revisions"}],"predecessor-version":[{"id":2900,"href":"https:\/\/2horizontes.com\/index.php?rest_route=\/wp\/v2\/posts\/2899\/revisions\/2900"}],"wp:attachment":[{"href":"https:\/\/2horizontes.com\/index.php?rest_route=%2Fwp%2Fv2%2Fmedia&parent=2899"}],"wp:term":[{"taxonomy":"category","embeddable":true,"href":"https:\/\/2horizontes.com\/index.php?rest_route=%2Fwp%2Fv2%2Fcategories&post=2899"},{"taxonomy":"post_tag","embeddable":true,"href":"https:\/\/2horizontes.com\/index.php?rest_route=%2Fwp%2Fv2%2Ftags&post=2899"}],"curies":[{"name":"wp","href":"https:\/\/api.w.org\/{rel}","templated":true}]}}