{"id":28985,"date":"2015-10-19T19:33:27","date_gmt":"2015-10-19T18:33:27","guid":{"rendered":"http:\/\/2horizontes.com\/?p=28985"},"modified":"2015-10-19T19:33:27","modified_gmt":"2015-10-19T18:33:27","slug":"recluso-muere-de-bronconeumonia-y-tuberculosis-en-hospital-de-la-vega-rd","status":"publish","type":"post","link":"https:\/\/2horizontes.com\/?p=28985","title":{"rendered":"Recluso muere de bronconeumon\u00eda y tuberculosis en hospital de La Vega RD"},"content":{"rendered":"<article class=\"contenidoArticulo\">\n<div class=\"cuerpoNoticia\">\n<p>RD- LA VEGA-La Polic\u00eda inform\u00f3 este lunes que un recluso muri\u00f3 mientras recib\u00eda atenciones m\u00e9dicas en el Hospital P\u00fablico Dr. Luis Morillo King de La Vega, a causa de presentar \u201cbronconeumon\u00eda, tuberculosis en reca\u00edda e ineficiencia respiratoria\u201d.<\/p>\n<p>El muerto fue identificado como Leonardo Severino Veloz. Severino cumpl\u00eda cinco a\u00f1os de prisi\u00f3n, pero no se inform\u00f3 en qu\u00e9 c\u00e1rcel estaba ni por qu\u00e9 fue condenado.<\/p>\n<p>El cad\u00e1ver fue enviado al Instituto de Patolog\u00eda de Ciencias Forenses de la Ciudad de Santiago de los Caballeros, para los fines procedentes.<\/p>\n<\/div>\n<\/article>\n<p>&nbsp;<\/p>\n","protected":false},"excerpt":{"rendered":"<p>RD- LA VEGA-La Polic\u00eda inform\u00f3 este lunes que un recluso muri\u00f3 mientras recib\u00eda atenciones m\u00e9dicas en el Hospital P\u00fablico Dr. Luis Morillo King de La Vega, a causa de presentar \u201cbronconeumon\u00eda, tuberculosis en reca\u00edda e ineficiencia respiratoria\u201d. El muerto fue identificado como Leonardo Severino Veloz. Severino cumpl\u00eda cinco a\u00f1os de prisi\u00f3n, pero no se inform\u00f3 [&hellip;]<\/p>\n","protected":false},"author":8,"featured_media":28986,"comment_status":"open","ping_status":"open","sticky":false,"template":"","format":"standard","meta":{"footnotes":""},"categories":[53,44,45],"tags":[],"class_list":["post-28985","post","type-post","status-publish","format-standard","has-post-thumbnail","hentry","category-provincias","category-republica-dominicana","category-salud"],"_links":{"self":[{"href":"https:\/\/2horizontes.com\/index.php?rest_route=\/wp\/v2\/posts\/28985","targetHints":{"allow":["GET"]}}],"collection":[{"href":"https:\/\/2horizontes.com\/index.php?rest_route=\/wp\/v2\/posts"}],"about":[{"href":"https:\/\/2horizontes.com\/index.php?rest_route=\/wp\/v2\/types\/post"}],"author":[{"embeddable":true,"href":"https:\/\/2horizontes.com\/index.php?rest_route=\/wp\/v2\/users\/8"}],"replies":[{"embeddable":true,"href":"https:\/\/2horizontes.com\/index.php?rest_route=%2Fwp%2Fv2%2Fcomments&post=28985"}],"version-history":[{"count":1,"href":"https:\/\/2horizontes.com\/index.php?rest_route=\/wp\/v2\/posts\/28985\/revisions"}],"predecessor-version":[{"id":28987,"href":"https:\/\/2horizontes.com\/index.php?rest_route=\/wp\/v2\/posts\/28985\/revisions\/28987"}],"wp:featuredmedia":[{"embeddable":true,"href":"https:\/\/2horizontes.com\/index.php?rest_route=\/wp\/v2\/media\/28986"}],"wp:attachment":[{"href":"https:\/\/2horizontes.com\/index.php?rest_route=%2Fwp%2Fv2%2Fmedia&parent=28985"}],"wp:term":[{"taxonomy":"category","embeddable":true,"href":"https:\/\/2horizontes.com\/index.php?rest_route=%2Fwp%2Fv2%2Fcategories&post=28985"},{"taxonomy":"post_tag","embeddable":true,"href":"https:\/\/2horizontes.com\/index.php?rest_route=%2Fwp%2Fv2%2Ftags&post=28985"}],"curies":[{"name":"wp","href":"https:\/\/api.w.org\/{rel}","templated":true}]}}