{"id":2896,"date":"2015-01-03T16:12:32","date_gmt":"2015-01-03T16:12:32","guid":{"rendered":"http:\/\/2horizontes.com\/?p=2896"},"modified":"2015-01-03T16:12:32","modified_gmt":"2015-01-03T16:12:32","slug":"hombre-le-da-paliza-a-mujer-en-sur-de-cali","status":"publish","type":"post","link":"https:\/\/2horizontes.com\/?p=2896","title":{"rendered":"Hombre le da paliza a mujer  en sur de Cali"},"content":{"rendered":"<p><a href=\"http:\/\/2horizontes.com\/wp-content\/uploads\/2015\/01\/colo.jpg\"><img loading=\"lazy\" decoding=\"async\" src=\"http:\/\/2horizontes.com\/wp-content\/uploads\/2015\/01\/colo-300x150.jpg\" alt=\"colo\" width=\"300\" height=\"150\" class=\"alignleft size-medium wp-image-2897\" srcset=\"https:\/\/2horizontes.com\/wp-content\/uploads\/2015\/01\/colo-300x150.jpg 300w, https:\/\/2horizontes.com\/wp-content\/uploads\/2015\/01\/colo-510x255.jpg 510w, https:\/\/2horizontes.com\/wp-content\/uploads\/2015\/01\/colo.jpg 600w\" sizes=\"auto, (max-width: 300px) 100vw, 300px\" \/><\/a><\/p>\n<p>Colombia.-De acuerdo con su denuncia ante la Fiscal\u00eda, ella se encontraba en su apartamento cerca de la avenida Roosevelt y le pidi\u00f3 a un vecino que le bajara el volumen a un aparato de sonido, el pasado martes 30 de diciembre.<\/p>\n<p>Despu\u00e9s de un breve cruce de palabras, seg\u00fan su testimonio, vino la agresi\u00f3n. Asegura que su vecino la empuj\u00f3, le quebr\u00f3 una matera en el cuerpo y luego le dio un pu\u00f1etazo en la cara, en su apartamento.<\/p>\n<p>El caso fue conocido inicialmente a trav\u00e9s de redes sociales. La se\u00f1ora, de 63 a\u00f1os, se present\u00f3 en la ma\u00f1ana del viernes ante el Instituto de Medicina Legal, en el sur de esta ciudad, para que le determinaran la posible incapacidad por las lesiones sufridas en el ojo izquierdo, un brazo y las costillas.<\/p>\n<p>De acuerdo con ella, su vecino, un profesional de la salud, estar\u00eda embriagado, en presencia de su esposa y dos cu\u00f1ados. Hasta ahora no se conoce la versi\u00f3n del denunciado.<\/p>\n<p>El Departamento Administrativo de Gesti\u00f3n del Medio Ambiente (Dagma) inform\u00f3 que no conoce el incidente, pero anota que el ruido genera a diario diferencias entre vecinos.<\/p>\n","protected":false},"excerpt":{"rendered":"<p>Colombia.-De acuerdo con su denuncia ante la Fiscal\u00eda, ella se encontraba en su apartamento cerca de la avenida Roosevelt y le pidi\u00f3 a un vecino que le bajara el volumen a un aparato de sonido, el pasado martes 30 de diciembre. Despu\u00e9s de un breve cruce de palabras, seg\u00fan su testimonio, vino la agresi\u00f3n. Asegura [&hellip;]<\/p>\n","protected":false},"author":1,"featured_media":0,"comment_status":"open","ping_status":"open","sticky":false,"template":"","format":"standard","meta":{"footnotes":""},"categories":[1],"tags":[],"class_list":["post-2896","post","type-post","status-publish","format-standard","hentry","category-entretenimiento"],"_links":{"self":[{"href":"https:\/\/2horizontes.com\/index.php?rest_route=\/wp\/v2\/posts\/2896","targetHints":{"allow":["GET"]}}],"collection":[{"href":"https:\/\/2horizontes.com\/index.php?rest_route=\/wp\/v2\/posts"}],"about":[{"href":"https:\/\/2horizontes.com\/index.php?rest_route=\/wp\/v2\/types\/post"}],"author":[{"embeddable":true,"href":"https:\/\/2horizontes.com\/index.php?rest_route=\/wp\/v2\/users\/1"}],"replies":[{"embeddable":true,"href":"https:\/\/2horizontes.com\/index.php?rest_route=%2Fwp%2Fv2%2Fcomments&post=2896"}],"version-history":[{"count":1,"href":"https:\/\/2horizontes.com\/index.php?rest_route=\/wp\/v2\/posts\/2896\/revisions"}],"predecessor-version":[{"id":2898,"href":"https:\/\/2horizontes.com\/index.php?rest_route=\/wp\/v2\/posts\/2896\/revisions\/2898"}],"wp:attachment":[{"href":"https:\/\/2horizontes.com\/index.php?rest_route=%2Fwp%2Fv2%2Fmedia&parent=2896"}],"wp:term":[{"taxonomy":"category","embeddable":true,"href":"https:\/\/2horizontes.com\/index.php?rest_route=%2Fwp%2Fv2%2Fcategories&post=2896"},{"taxonomy":"post_tag","embeddable":true,"href":"https:\/\/2horizontes.com\/index.php?rest_route=%2Fwp%2Fv2%2Ftags&post=2896"}],"curies":[{"name":"wp","href":"https:\/\/api.w.org\/{rel}","templated":true}]}}