{"id":28951,"date":"2015-10-19T17:48:48","date_gmt":"2015-10-19T16:48:48","guid":{"rendered":"http:\/\/2horizontes.com\/?p=28951"},"modified":"2015-10-19T17:48:48","modified_gmt":"2015-10-19T16:48:48","slug":"nuevo-embajador-de-taiwan-llega-a-rd","status":"publish","type":"post","link":"https:\/\/2horizontes.com\/?p=28951","title":{"rendered":"Nuevo embajador de Taiw\u00e1n llega a RD"},"content":{"rendered":"<p>RD-SANTO DOMINGO-El nuevo embajador de la Rep\u00fablica China (Taiw\u00e1n), Valentino Tang, arrib\u00f3 este lunes al pa\u00eds. El diplom\u00e1tico \u00a0asumir\u00e1 \u00a0el cargo en reemplazo de Tomas Ping Fu Hou.<\/p>\n<p>Tang es un funcionario p\u00fablico ejecutivo de carrera y se ha desempe\u00f1ado como ministro de la embajada de Taiw\u00e1n en El Salvador, se\u00f1ala una nota de prensa del departamento de comunicaciones de la legaci\u00f3n diplom\u00e1tica.<\/p>\n<p>Antes de esta asignaci\u00f3n, \u00a0el diplom\u00e1tico\u00a0se desempe\u00f1\u00f3 \u00a0como representante de la oficina comercial de Taipei; en Colombia, ministro en la Embajada\u00a0 de Taiw\u00e1n\u00a0 en El\u00a0 Salvador; subdirector general adjunto del departamento de protocolo, y \u00a0\u00a0subsecretario general\u00a0 del Fondo Internacional de Cooperaci\u00f3n y Desarrollo Estado.<\/p>\n<p>Asimismo, fungi\u00f3 como subdirector general adjunto del departamento de centro y Sudam\u00e9rica del ministerio de Relaciones Exteriores; subdirector de la secci\u00f3n pol\u00edtica de la Oficina Econ\u00f3mica y Cultural de Taipei en Espa\u00f1a, entre otras funciones.<\/p>\n<p>Valentino \u00a0Tang recibi\u00f3 una licenciatura \u00a0en Derecho del Instituto Posgrado\u00a0 de Asuntos Europeos de la Universidad Tamkang, Taiw\u00e1n, y \u00a0es graduado de la misma universidad \u00a0del Departamento de Lenguas Castellanas.<\/p>\n<p>El representante diplom\u00e1tico taiwan\u00e9s presentar\u00e1 copia de sus cartas credenciales en la Canciller\u00eda y luego los originales al presidente \u00a0dominicano Danilo Medina.<\/p>\n<p>&nbsp;<\/p>\n","protected":false},"excerpt":{"rendered":"<p>RD-SANTO DOMINGO-El nuevo embajador de la Rep\u00fablica China (Taiw\u00e1n), Valentino Tang, arrib\u00f3 este lunes al pa\u00eds. El diplom\u00e1tico \u00a0asumir\u00e1 \u00a0el cargo en reemplazo de Tomas Ping Fu Hou. Tang es un funcionario p\u00fablico ejecutivo de carrera y se ha desempe\u00f1ado como ministro de la embajada de Taiw\u00e1n en El Salvador, se\u00f1ala una nota de prensa [&hellip;]<\/p>\n","protected":false},"author":8,"featured_media":28952,"comment_status":"open","ping_status":"open","sticky":false,"template":"","format":"standard","meta":{"footnotes":""},"categories":[43,44],"tags":[],"class_list":["post-28951","post","type-post","status-publish","format-standard","has-post-thumbnail","hentry","category-politica","category-republica-dominicana"],"_links":{"self":[{"href":"https:\/\/2horizontes.com\/index.php?rest_route=\/wp\/v2\/posts\/28951","targetHints":{"allow":["GET"]}}],"collection":[{"href":"https:\/\/2horizontes.com\/index.php?rest_route=\/wp\/v2\/posts"}],"about":[{"href":"https:\/\/2horizontes.com\/index.php?rest_route=\/wp\/v2\/types\/post"}],"author":[{"embeddable":true,"href":"https:\/\/2horizontes.com\/index.php?rest_route=\/wp\/v2\/users\/8"}],"replies":[{"embeddable":true,"href":"https:\/\/2horizontes.com\/index.php?rest_route=%2Fwp%2Fv2%2Fcomments&post=28951"}],"version-history":[{"count":1,"href":"https:\/\/2horizontes.com\/index.php?rest_route=\/wp\/v2\/posts\/28951\/revisions"}],"predecessor-version":[{"id":28953,"href":"https:\/\/2horizontes.com\/index.php?rest_route=\/wp\/v2\/posts\/28951\/revisions\/28953"}],"wp:featuredmedia":[{"embeddable":true,"href":"https:\/\/2horizontes.com\/index.php?rest_route=\/wp\/v2\/media\/28952"}],"wp:attachment":[{"href":"https:\/\/2horizontes.com\/index.php?rest_route=%2Fwp%2Fv2%2Fmedia&parent=28951"}],"wp:term":[{"taxonomy":"category","embeddable":true,"href":"https:\/\/2horizontes.com\/index.php?rest_route=%2Fwp%2Fv2%2Fcategories&post=28951"},{"taxonomy":"post_tag","embeddable":true,"href":"https:\/\/2horizontes.com\/index.php?rest_route=%2Fwp%2Fv2%2Ftags&post=28951"}],"curies":[{"name":"wp","href":"https:\/\/api.w.org\/{rel}","templated":true}]}}