{"id":28928,"date":"2015-10-19T15:27:40","date_gmt":"2015-10-19T14:27:40","guid":{"rendered":"http:\/\/2horizontes.com\/?p=28928"},"modified":"2015-10-19T15:27:40","modified_gmt":"2015-10-19T14:27:40","slug":"larry-hernandez-sera-encarcelado-en-eeuu","status":"publish","type":"post","link":"https:\/\/2horizontes.com\/?p=28928","title":{"rendered":"Larry Hern\u00e1ndez ser\u00e1 encarcelado en EEUU"},"content":{"rendered":"<p>El cantante mexicano Larry Hern\u00e1ndez llegar\u00e1 en las pr\u00f3ximas horas a la prisi\u00f3n de Newberry, en Carolina del Sur (EE.UU), acusado de los cargos de secuestro y agresi\u00f3n al promotor de uno de sus espect\u00e1culos.<\/p>\n<p>Hern\u00e1ndez, muy conocido en el \u00e1mbito musical mexicano y latino en Estados Unidos, est\u00e1 siendo trasladado por carretera desde el pasado mi\u00e9rcoles, cuando sali\u00f3 de San Bernardino (California) tras comparecer en un tribunal y aceptar su extradici\u00f3n a Carolina del Sur.<\/p>\n<p>En su traslado por carretera desde California, custodiado por una compa\u00f1\u00eda privada, la comitiva de seguridad hizo una parada t\u00e9cnica el jueves en una c\u00e1rcel de Nevada, y este fin de semana ten\u00eda previsto detenerse tambi\u00e9n en Colorado.<\/p>\n<p>En Carolina del Sur la prisi\u00f3n de Newberry tiene ya todo preparado para recibir al cantante de m\u00fasica regional mexicana, protagonista del \u201creality\u201d show \u201cLarryman\u00eda\u201d que se transmite por la cadena de televisi\u00f3n NBC Universo y que el pasado d\u00eda 20 concluy\u00f3 su cuarta temporada.<\/p>\n<p>El artista, de 38 a\u00f1os, est\u00e1 acusado de haber participado en el secuestro y agresi\u00f3n a uno de los organizadores de un espect\u00e1culo realizado el 16 de agosto en California, en el que, por baja asistencia, Hern\u00e1ndez no recibi\u00f3 la cifra acordada previamente de 30.000 d\u00f3lares sino solo 14.000.<\/p>\n<p>El promotor del espect\u00e1culo alega en su demanda, presentada en Newberry, que el cantante y otros dos acompa\u00f1antes lo secuestraron y golpearon, aunque el agredido pudo llamar a la polic\u00eda.<\/p>\n<p>El cantante fue detenido el pasado 25 de septiembre por las autoridades en el aeropuerto de Los \u00c1ngeles-Ontario antes de abordar un vuelo hacia Aurora, en Colorado.<\/p>\n","protected":false},"excerpt":{"rendered":"<p>El cantante mexicano Larry Hern\u00e1ndez llegar\u00e1 en las pr\u00f3ximas horas a la prisi\u00f3n de Newberry, en Carolina del Sur (EE.UU), acusado de los cargos de secuestro y agresi\u00f3n al promotor de uno de sus espect\u00e1culos. Hern\u00e1ndez, muy conocido en el \u00e1mbito musical mexicano y latino en Estados Unidos, est\u00e1 siendo trasladado por carretera desde el [&hellip;]<\/p>\n","protected":false},"author":3,"featured_media":28929,"comment_status":"open","ping_status":"open","sticky":false,"template":"","format":"standard","meta":{"footnotes":""},"categories":[1],"tags":[],"class_list":["post-28928","post","type-post","status-publish","format-standard","has-post-thumbnail","hentry","category-entretenimiento"],"_links":{"self":[{"href":"https:\/\/2horizontes.com\/index.php?rest_route=\/wp\/v2\/posts\/28928","targetHints":{"allow":["GET"]}}],"collection":[{"href":"https:\/\/2horizontes.com\/index.php?rest_route=\/wp\/v2\/posts"}],"about":[{"href":"https:\/\/2horizontes.com\/index.php?rest_route=\/wp\/v2\/types\/post"}],"author":[{"embeddable":true,"href":"https:\/\/2horizontes.com\/index.php?rest_route=\/wp\/v2\/users\/3"}],"replies":[{"embeddable":true,"href":"https:\/\/2horizontes.com\/index.php?rest_route=%2Fwp%2Fv2%2Fcomments&post=28928"}],"version-history":[{"count":1,"href":"https:\/\/2horizontes.com\/index.php?rest_route=\/wp\/v2\/posts\/28928\/revisions"}],"predecessor-version":[{"id":28930,"href":"https:\/\/2horizontes.com\/index.php?rest_route=\/wp\/v2\/posts\/28928\/revisions\/28930"}],"wp:featuredmedia":[{"embeddable":true,"href":"https:\/\/2horizontes.com\/index.php?rest_route=\/wp\/v2\/media\/28929"}],"wp:attachment":[{"href":"https:\/\/2horizontes.com\/index.php?rest_route=%2Fwp%2Fv2%2Fmedia&parent=28928"}],"wp:term":[{"taxonomy":"category","embeddable":true,"href":"https:\/\/2horizontes.com\/index.php?rest_route=%2Fwp%2Fv2%2Fcategories&post=28928"},{"taxonomy":"post_tag","embeddable":true,"href":"https:\/\/2horizontes.com\/index.php?rest_route=%2Fwp%2Fv2%2Ftags&post=28928"}],"curies":[{"name":"wp","href":"https:\/\/api.w.org\/{rel}","templated":true}]}}