{"id":28923,"date":"2015-10-19T15:23:06","date_gmt":"2015-10-19T14:23:06","guid":{"rendered":"http:\/\/2horizontes.com\/?p=28923"},"modified":"2015-10-19T15:23:06","modified_gmt":"2015-10-19T14:23:06","slug":"el-tamano-del-cerebro-no-influye-en-la-inteligencia-segun-un-estudio-austriaco","status":"publish","type":"post","link":"https:\/\/2horizontes.com\/?p=28923","title":{"rendered":"El tama\u00f1o del cerebro no influye en la inteligencia, seg\u00fan un estudio austriaco"},"content":{"rendered":"<p>Un estudio realizado por Jakob Pietschnig, investigador de ciencia cognitiva en la Universidad de Viena, argumenta que el tama\u00f1o del cerebro y la inteligencia humana no van de la mano, informa la edici\u00f3n francesa del medio &#8216;Metronews&#8217;.<\/p>\n<p>Un equipo de investigadores observ\u00f3 800 cerebros diferentes para llevar a cabo su estudio. Utilizaron m\u00e9todos no invasivos del cerebro, a trav\u00e9s de resonancias magn\u00e9ticas, y consultaron m\u00e1s de 80 estudios acerca del tema. Adem\u00e1s los participantes se sometieron a una prueba de inteligencia.<\/p>\n<p>El resultado de la investigaci\u00f3n, que se puede consultar en &#8216;ScienceDirect&#8217;, aclara que las personas que ten\u00edan un cerebro de mayor tama\u00f1o tienen una inteligencia por debajo de la media.<\/p>\n<p>Al comparar el cerebro humano con el de otros mam\u00edferos, se llega a la conclusi\u00f3n de que las capacidades intelectuales no son proporcionales al tama\u00f1o del cerebro.<\/p>\n<p>Un elefante tiene un cerebro que pesa alrededor de 5 kilos, en comparaci\u00f3n con el de un hombre que pesa una media 1,35 kilos o el de un cachalote que pesa 9 kilos, sin embargo el humano es el que mayor inteligencia posee.<\/p>\n<p>El equipo de investigadores va m\u00e1s all\u00e1 y llega a una conclusi\u00f3n acerca de la concepci\u00f3n err\u00f3nea que asegura que los hombres son m\u00e1s inteligentes. Aunque el tama\u00f1o del cerebro masculino es superior al de las mujeres, no lo son sus capacidades intelectuales.<\/p>\n<p>El tama\u00f1o no es lo que importa<br \/>\nEn realidad, los factores tienen que ver con \u00abla disposici\u00f3n de la corteza, el mesenc\u00e9falo y el cerebelo, as\u00ed como la conexi\u00f3n correcta de la sustancia blanca y la sustancia gris\u00bb, asegura Pietschnig, autor del estudio. El tama\u00f1o es tan s\u00f3lo un detalle, lo importante es la organizaci\u00f3n del cerebro.<\/p>\n<p>Tras la muerte de Albert Einstein en 1955, varios m\u00e9dicos examinaron su cerebro y encontraron que era m\u00e1s peque\u00f1o que la media. Sin embargo, su cerebro ten\u00eda una organizaci\u00f3n m\u00e1s compleja, especialmente en las zonas dedicadas al razonamiento.<\/p>\n","protected":false},"excerpt":{"rendered":"<p>Un estudio realizado por Jakob Pietschnig, investigador de ciencia cognitiva en la Universidad de Viena, argumenta que el tama\u00f1o del cerebro y la inteligencia humana no van de la mano, informa la edici\u00f3n francesa del medio &#8216;Metronews&#8217;. Un equipo de investigadores observ\u00f3 800 cerebros diferentes para llevar a cabo su estudio. Utilizaron m\u00e9todos no invasivos [&hellip;]<\/p>\n","protected":false},"author":3,"featured_media":28926,"comment_status":"open","ping_status":"open","sticky":false,"template":"","format":"standard","meta":{"footnotes":""},"categories":[45],"tags":[],"class_list":["post-28923","post","type-post","status-publish","format-standard","has-post-thumbnail","hentry","category-salud"],"_links":{"self":[{"href":"https:\/\/2horizontes.com\/index.php?rest_route=\/wp\/v2\/posts\/28923","targetHints":{"allow":["GET"]}}],"collection":[{"href":"https:\/\/2horizontes.com\/index.php?rest_route=\/wp\/v2\/posts"}],"about":[{"href":"https:\/\/2horizontes.com\/index.php?rest_route=\/wp\/v2\/types\/post"}],"author":[{"embeddable":true,"href":"https:\/\/2horizontes.com\/index.php?rest_route=\/wp\/v2\/users\/3"}],"replies":[{"embeddable":true,"href":"https:\/\/2horizontes.com\/index.php?rest_route=%2Fwp%2Fv2%2Fcomments&post=28923"}],"version-history":[{"count":1,"href":"https:\/\/2horizontes.com\/index.php?rest_route=\/wp\/v2\/posts\/28923\/revisions"}],"predecessor-version":[{"id":28927,"href":"https:\/\/2horizontes.com\/index.php?rest_route=\/wp\/v2\/posts\/28923\/revisions\/28927"}],"wp:featuredmedia":[{"embeddable":true,"href":"https:\/\/2horizontes.com\/index.php?rest_route=\/wp\/v2\/media\/28926"}],"wp:attachment":[{"href":"https:\/\/2horizontes.com\/index.php?rest_route=%2Fwp%2Fv2%2Fmedia&parent=28923"}],"wp:term":[{"taxonomy":"category","embeddable":true,"href":"https:\/\/2horizontes.com\/index.php?rest_route=%2Fwp%2Fv2%2Fcategories&post=28923"},{"taxonomy":"post_tag","embeddable":true,"href":"https:\/\/2horizontes.com\/index.php?rest_route=%2Fwp%2Fv2%2Ftags&post=28923"}],"curies":[{"name":"wp","href":"https:\/\/api.w.org\/{rel}","templated":true}]}}