{"id":28901,"date":"2015-10-19T13:48:11","date_gmt":"2015-10-19T12:48:11","guid":{"rendered":"http:\/\/2horizontes.com\/?p=28901"},"modified":"2015-10-19T13:48:11","modified_gmt":"2015-10-19T12:48:11","slug":"el-embargo-interno-al-que-estan-sometidos-los-cubanos","status":"publish","type":"post","link":"https:\/\/2horizontes.com\/?p=28901","title":{"rendered":"El embargo interno al que est\u00e1n sometidos los cubanos"},"content":{"rendered":"<p>La prensa oficialista oculta varios de los contactos de la Secretaria de Comercio de EEUU en Cuba.<\/p>\n<p>&nbsp;<\/p>\n<p>Penny Pritzker, secretaria de Comercio de EEUU, \u00a0y la delegaci\u00f3n que la acompa\u00f1\u00f3 durante su estancia en La Habana, del 6 al 8 de octubre, se reunieron con altos funcionarios del Gobierno cubano y visitaron sitios de inter\u00e9s econ\u00f3mico, como la Zona Especial de Desarrollo Mariel (ZEDM); adem\u00e1s del encuentro que sostuvieron con representantes del Gobierno y del sector empresarial con el fin de explorar el alcance de las medidas adoptadas por el presidente Obama en enero y que fueron ampliadas en septiembre.<\/p>\n<p>Sin embargo, el peri\u00f3dico <em>Granma<\/em>, los d\u00edas 7 y 8 de octubre, dio una informaci\u00f3n bastante resumida y manipulada del amplio programa que cumpli\u00f3 Pritzker. Las dos actividades m\u00e1s importantes que sostuvo la Secretaria de Comercio con sus <em>partners<\/em> cubanos no fueron reflejadas por los medios oficiales.<\/p>\n<p>El 9 de octubre los diarios <em>Granma<\/em> y <em>Juventud Rebelde<\/em> se refirieron al panel dedicado al reclamo sobre el levantamiento del embargo, celebrado el 8 de octubre en el Ministerio de Relaciones Exteriores, el cual fue trasmitido por \u00a0YouTube. Como se comprender\u00e1, estuvo dirigido a una \u00ednfima cantidad de cubanos, dado que del mill\u00f3n de computadoras que hay en el pa\u00eds, \u00a0solo medio mill\u00f3n est\u00e1n conectadas a internet.<\/p>\n<p>En dicho panel participaron Orlando Hern\u00e1ndez Guill\u00e9n, presidente de la C\u00e1mara de Comercio, Ana Teresa Igarza, directora de la ZEDM, y Carmen Mar\u00eda Orellana e Iv\u00e1n Ricardo Chac\u00f3n, de los ministerios de Turismo y Transporte, respectivamente. Todos repitieron el guion previo acerca del embargo que Washington mantiene desde 53 a\u00f1os contra Cuba y las sanciones que afectan a las empresas estatales.<\/p>\n<p>Todos los panelistas \u00a0coincidieron en las limitaciones que imponen las leyes del embargo a las iniciativas \u00a0anunciadas por los departamentos de Tesoro y Comercio, que seg\u00fan afirman, no tienen ning\u00fan efecto pr\u00e1ctico y resultan inviables \u00a0en estos momentos.<\/p>\n<p>La postura asumida por los representantes del Gobierno afirma criterios que \u00a0no son los de la mayor\u00eda de la poblaci\u00f3n, y van en direcci\u00f3n contraria a lo expresado por la Secretaria de Comercio en el encuentro que sostuvo con la parte cubana \u00a0el 7 de octubre cuando se\u00f1al\u00f3: \u00abEste cambio de pol\u00edtica hacia Cuba se arraiga en el deseo de mejorar la vida de los pueblos de nuestros dos pa\u00edses. Queremos ayudar al pueblo cubano a conectarse con la econom\u00eda mundial y a disfrutar de un mejor nivel vida y, a la vez, queremos darle al pueblo de Estados Unidos, la oportunidad de acercarse a Cuba y de entablar relaciones con su pueblo\u00bb.<\/p>\n<p>La Secretaria de Comercio dijo que EEUU no pretende que estos cambios tengan un efecto que trastorne la vida de los cubanos, que el efecto depende de que se tomen las medidas necesarias para cambiar la econom\u00eda, de \u00a0manera que acompa\u00f1e el desarrollo del sector privado y aumente la prosperidad del \u00a0pueblo.<\/p>\n<p>Los medios oficiales no fueron\u00a0 autorizados a reflejar el encuentro de Pritzker y su delegaci\u00f3n con Rodrigo Malmierca D\u00edaz, ministro de Comercio Exterior y empresarios cubanos.<\/p>\n<p>En las palabras de apertura de dicho encuentro, Malmierca expres\u00f3: \u00abNosotros sabemos que no va a ser un proceso f\u00e1cil, pues hay muchas diferencias, pero apreciamos las medidas que Obama ha tomado para flexibilizar las relaciones comerciales\u00bb. Y subray\u00f3: \u00abConsideramos que debemos seguir trabajando, incluso antes de que la propuesta de eliminar el bloqueo llegue al Congreso\u00bb.<\/p>\n<p>El Departamento Ideol\u00f3gico del Partido Comunista, \u00a0ajustado a las \u00f3rdenes recibidas, no autoriz\u00f3 a los medios oficiales a divulgar el encuentro de la Secretaria de Comercio con los \u00fanicos reporteros oficiales seleccionados: \u00a0Sergio G\u00f3mez<em>, <\/em>del peri\u00f3dico<em> Granma, <\/em>Rosa Miriam Elizalde, directora de <em>Cubadebate<\/em> y Javier Ortiz, del Sistema Informativo de la Televisi\u00f3n Cubana<em>. <\/em>Los tres ten\u00edan la orden de hacer una sola pregunta.<\/p>\n<p>Las tantas restricciones a las informaciones sobre la visita de la secretaria de Comercio resultaron, de tan rid\u00edculas, pat\u00e9ticas.<\/p>\n<p>Pritzker, al\u00a0 destacar que ha habido avances notables en las relaciones entre los dos pa\u00edses, dijo: \u00abGracias a los cambios regulatorios hemos visto un aumento de los viajes de EEUU a Cuba, aumentamos la cantidad de remesas que se pueden enviar a Cuba, y autorizamos la venta de productos y servicios que pueden usar los empresarios cubanos, al mismo tiempo posibilitamos que las empresas de telecomunicaciones de EEUU pudieran participar en el mercado cubano para poder brindar apoyo a fin de lograr una mayor conectividad y acceso a la informaci\u00f3n para el pueblo cubano\u00bb.<\/p>\n<p>Como era de esperar, los planteamientos de la Secretario de Comercio en \u00a0que inform\u00f3 de las medidas tomadas por Washington que van dirigidas a la mejor\u00eda de las condiciones de vida del pueblo cubano, y no en beneficio de la burocracia empresarial corrupta y parasitaria, no pod\u00edan ser del conocimiento de la poblaci\u00f3n.<\/p>\n<p>Mientras los dirigentes del Gobierno y sus secuaces reclaman y patalean para que la Casa Blanca levante el embargo, mantienen el embargo interno impuesto a la fuerza al pueblo cubano, al que le conculcan sus derechos y libertades.<\/p>\n","protected":false},"excerpt":{"rendered":"<p>La prensa oficialista oculta varios de los contactos de la Secretaria de Comercio de EEUU en Cuba. &nbsp; Penny Pritzker, secretaria de Comercio de EEUU, \u00a0y la delegaci\u00f3n que la acompa\u00f1\u00f3 durante su estancia en La Habana, del 6 al 8 de octubre, se reunieron con altos funcionarios del Gobierno cubano y visitaron sitios de [&hellip;]<\/p>\n","protected":false},"author":4,"featured_media":28902,"comment_status":"open","ping_status":"open","sticky":false,"template":"","format":"standard","meta":{"footnotes":""},"categories":[49,63],"tags":[],"class_list":["post-28901","post","type-post","status-publish","format-standard","has-post-thumbnail","hentry","category-cuba","category-economia"],"_links":{"self":[{"href":"https:\/\/2horizontes.com\/index.php?rest_route=\/wp\/v2\/posts\/28901","targetHints":{"allow":["GET"]}}],"collection":[{"href":"https:\/\/2horizontes.com\/index.php?rest_route=\/wp\/v2\/posts"}],"about":[{"href":"https:\/\/2horizontes.com\/index.php?rest_route=\/wp\/v2\/types\/post"}],"author":[{"embeddable":true,"href":"https:\/\/2horizontes.com\/index.php?rest_route=\/wp\/v2\/users\/4"}],"replies":[{"embeddable":true,"href":"https:\/\/2horizontes.com\/index.php?rest_route=%2Fwp%2Fv2%2Fcomments&post=28901"}],"version-history":[{"count":1,"href":"https:\/\/2horizontes.com\/index.php?rest_route=\/wp\/v2\/posts\/28901\/revisions"}],"predecessor-version":[{"id":28903,"href":"https:\/\/2horizontes.com\/index.php?rest_route=\/wp\/v2\/posts\/28901\/revisions\/28903"}],"wp:featuredmedia":[{"embeddable":true,"href":"https:\/\/2horizontes.com\/index.php?rest_route=\/wp\/v2\/media\/28902"}],"wp:attachment":[{"href":"https:\/\/2horizontes.com\/index.php?rest_route=%2Fwp%2Fv2%2Fmedia&parent=28901"}],"wp:term":[{"taxonomy":"category","embeddable":true,"href":"https:\/\/2horizontes.com\/index.php?rest_route=%2Fwp%2Fv2%2Fcategories&post=28901"},{"taxonomy":"post_tag","embeddable":true,"href":"https:\/\/2horizontes.com\/index.php?rest_route=%2Fwp%2Fv2%2Ftags&post=28901"}],"curies":[{"name":"wp","href":"https:\/\/api.w.org\/{rel}","templated":true}]}}