{"id":28898,"date":"2015-10-19T13:42:58","date_gmt":"2015-10-19T12:42:58","guid":{"rendered":"http:\/\/2horizontes.com\/?p=28898"},"modified":"2015-10-19T13:42:58","modified_gmt":"2015-10-19T12:42:58","slug":"cuba-reconoce-que-hubo-un-deficit-de-medicinas-que-atribuye-a-la-falta-de-materias-primas-en-las-factorias","status":"publish","type":"post","link":"https:\/\/2horizontes.com\/?p=28898","title":{"rendered":"Cuba reconoce que hubo un d\u00e9ficit de medicinas que atribuye a la falta de materias primas en las factor\u00edas"},"content":{"rendered":"<p class=\"mce\"><span id=\"ctl14_lblMostra\" class=\"mce\">(EFE).- Directivos de la empresa estatal BioCubafarma, que fabrica el 65 % de los medicamentos en Cuba, reconocen que el d\u00e9ficit de f\u00e1rmacos en el primer semestre de 2015 se debi\u00f3 a \u00abatrasos productivos\u00bb y la falta de materias primas en las factor\u00edas, informan este mi\u00e9rcoles medios oficiales.<br class=\"mce\" \/><br class=\"mce\" \/>Unos 60 medicamentos pertenecientes al \u00abcuadro b\u00e1sico de salud\u00bb, principalmente los utilizados en el tratamiento del c\u00e1ncer, desaparecieron de las farmacias cubanas por \u00abatrasos productivos acumulados desde el a\u00f1o 2014\u00bb, confirm\u00f3 la jefa del Departamento de Operaciones de BioCubafarma, B\u00e1rbara Olivera.<br class=\"mce\" \/><br class=\"mce\" \/>En respuesta a las inquietudes de los cubanos ante la falta de medicinas, Olivera se\u00f1al\u00f3 en la web oficial <em class=\"mce\">Cubadebate<\/em> que hubo \u00abmuchas afectaciones con la entrada de los insumos\u00bb y culp\u00f3 a la mala previsi\u00f3n del a\u00f1o anterior, cuando \u00absolamente se planific\u00f3 para tener materias primas para 12 meses\u00bb.<br class=\"mce\" \/><br class=\"mce\" \/>\u00abUno de los programas que estuvieron m\u00e1s afectados fue el de los citost\u00e1ticos (para el c\u00e1ncer) porque se nos sum\u00f3 a estas carencias la rotura de la \u00fanica planta de estos productos que tenemos en el pa\u00eds y tuvimos que salir al mercado internacional urgentemente para traer productos terminados\u00bb, indic\u00f3 Olivera.<br class=\"mce\" \/><br class=\"mce\" \/>La directiva asegur\u00f3 que la f\u00e1brica ya \u00abse encuentra funcionando\u00bb y que se mantienen \u00abdando respuesta en dependencia de la capacidad\u00bb.<br class=\"mce\" \/><br class=\"mce\" \/><\/span><\/p>\n<blockquote class=\"pullquote\"><p>Olivera se\u00f1al\u00f3 eque hubo \u00abmuchas afectaciones con la entrada de los insumos\u00bb y culp\u00f3 a la mala previsi\u00f3n del a\u00f1o anterior, cuando \u00absolamente se planific\u00f3 para tener materias primas para 12 meses\u00bb<\/p><\/blockquote>\n<p class=\"mce\">Olivera inform\u00f3 tambi\u00e9n de la retirada de \u00abalgunos proveedores\u00bb de materias primas y las dificultades en la b\u00fasqueda de nuevos, lo que conlleva \u00abatrasos en las contrataciones\u00bb de los insumos, generalmente procedentes de pa\u00edses lejanos como China o la India.<br class=\"mce\" \/><br class=\"mce\" \/>La nota tambi\u00e9n se refiere al proceso inversionista que realiza la empresa cubana, que trabaja actualmente \u00abcon equipos y tecnolog\u00edas de los a\u00f1os 60 y 70\u00bb del siglo XX, aunque este programa es \u00aba largo plazo\u00bb, precis\u00f3 Olivera.<br class=\"mce\" \/><br class=\"mce\" \/>\u00abHemos puesto en marcha dos l\u00edneas de suero en el pa\u00eds con tecnolog\u00eda punta, una en el oriente y otra en el occidente\u00bb, junto a \u00abuna planta de inyectables nueva\u00bb, detall\u00f3 la jefa de departamento, aunque advirti\u00f3 de que la fabricaci\u00f3n de \u00abtabletas\u00bb o comprimidos todav\u00eda \u00abpresenta una situaci\u00f3n desfavorable\u00bb.<br class=\"mce\" \/><br class=\"mce\" \/>Seg\u00fan datos oficiales, Cuba produce el 70 % de los 880 medicamentos que consume y su industria farmac\u00e9utica alcanz\u00f3 un alto nivel en los \u00faltimos a\u00f1os, convirti\u00e9ndose en uno de sus principales productos exportables.<\/p>\n","protected":false},"excerpt":{"rendered":"<p>(EFE).- Directivos de la empresa estatal BioCubafarma, que fabrica el 65 % de los medicamentos en Cuba, reconocen que el d\u00e9ficit de f\u00e1rmacos en el primer semestre de 2015 se debi\u00f3 a \u00abatrasos productivos\u00bb y la falta de materias primas en las factor\u00edas, informan este mi\u00e9rcoles medios oficiales.Unos 60 medicamentos pertenecientes al \u00abcuadro b\u00e1sico de [&hellip;]<\/p>\n","protected":false},"author":4,"featured_media":28899,"comment_status":"open","ping_status":"open","sticky":false,"template":"","format":"standard","meta":{"footnotes":""},"categories":[49,45],"tags":[],"class_list":["post-28898","post","type-post","status-publish","format-standard","has-post-thumbnail","hentry","category-cuba","category-salud"],"_links":{"self":[{"href":"https:\/\/2horizontes.com\/index.php?rest_route=\/wp\/v2\/posts\/28898","targetHints":{"allow":["GET"]}}],"collection":[{"href":"https:\/\/2horizontes.com\/index.php?rest_route=\/wp\/v2\/posts"}],"about":[{"href":"https:\/\/2horizontes.com\/index.php?rest_route=\/wp\/v2\/types\/post"}],"author":[{"embeddable":true,"href":"https:\/\/2horizontes.com\/index.php?rest_route=\/wp\/v2\/users\/4"}],"replies":[{"embeddable":true,"href":"https:\/\/2horizontes.com\/index.php?rest_route=%2Fwp%2Fv2%2Fcomments&post=28898"}],"version-history":[{"count":1,"href":"https:\/\/2horizontes.com\/index.php?rest_route=\/wp\/v2\/posts\/28898\/revisions"}],"predecessor-version":[{"id":28900,"href":"https:\/\/2horizontes.com\/index.php?rest_route=\/wp\/v2\/posts\/28898\/revisions\/28900"}],"wp:featuredmedia":[{"embeddable":true,"href":"https:\/\/2horizontes.com\/index.php?rest_route=\/wp\/v2\/media\/28899"}],"wp:attachment":[{"href":"https:\/\/2horizontes.com\/index.php?rest_route=%2Fwp%2Fv2%2Fmedia&parent=28898"}],"wp:term":[{"taxonomy":"category","embeddable":true,"href":"https:\/\/2horizontes.com\/index.php?rest_route=%2Fwp%2Fv2%2Fcategories&post=28898"},{"taxonomy":"post_tag","embeddable":true,"href":"https:\/\/2horizontes.com\/index.php?rest_route=%2Fwp%2Fv2%2Ftags&post=28898"}],"curies":[{"name":"wp","href":"https:\/\/api.w.org\/{rel}","templated":true}]}}