{"id":28895,"date":"2015-10-19T13:32:29","date_gmt":"2015-10-19T12:32:29","guid":{"rendered":"http:\/\/2horizontes.com\/?p=28895"},"modified":"2015-10-19T13:32:29","modified_gmt":"2015-10-19T12:32:29","slug":"diez-mil-migrantes-entraron-a-macedonia-en-24-horas-policia","status":"publish","type":"post","link":"https:\/\/2horizontes.com\/?p=28895","title":{"rendered":"Diez mil migrantes entraron a Macedonia en 24 horas (polic\u00eda)"},"content":{"rendered":"<p>Diez mil migrantes entraron a Macedonia procedentes de Grecia en 24 horas, entre el s\u00e1bado por la noche y el domingo a las 18H00 (16H00 GMT), anunci\u00f3 el lunes la polic\u00eda macedonia.<\/p>\n<p>&nbsp;<\/p>\n<p>Esta cifra elevada refuerza los temores de que se forme un nuevo cuello de botella humano en la ruta de los Balcanes occidentales.<\/p>\n<p>Los refugiados, que en su mayor\u00eda huyen de la guerra y el conflicto enOriente Medio y \u00c1frica, est\u00e1n siendo redirigidos a Eslovenia en su traves\u00eda hacia el norte de Europa, despu\u00e9s de que Hungr\u00eda cerrara el s\u00e1bado su frontera con Croacia.<\/p>\n<p>Eslovenia decidi\u00f3 autorizar a un limitado n\u00famero de migrantes atravesar su territorio.<\/p>\n<p>Los trabajadores humanitarios sobre el terreno dijeron a la AFP que el flujo de personas que llegaron a Macedonia sigui\u00f3 siendo elevado el domingo hasta medianoche.<\/p>\n<p>Los migrantes que llegan actualmente a Grecia atraviesan sobre todo Macedonia, antes de seguir por Serbia, Croacia, Eslovenia, Austria yAlemania, su principal destino.<\/p>\n<p>Pero las autoridades eslovenas rechazaron el lunes dejar pasar a m\u00e1s de 1.000 migrantes llegados de Croacia tras haber alcanzado el l\u00edmite diario.<\/p>\n<p>&nbsp;<\/p>\n<div id=\"Barra_inferior\" class=\"cajacompartir\">\n<div class=\"enlaces\"><img loading=\"lazy\" decoding=\"async\" src=\"http:\/\/www.lainformacion.com\/static\/pdf\/logos\/twitter.png\" alt=\"\" width=\"30\" height=\"30\" \/><img loading=\"lazy\" decoding=\"async\" src=\"http:\/\/www.lainformacion.com\/static\/pdf\/logos\/facebook.png\" alt=\"\" width=\"30\" height=\"30\" \/><img loading=\"lazy\" decoding=\"async\" src=\"http:\/\/www.lainformacion.com\/static\/pdf\/logos\/google.png\" alt=\"\" width=\"30\" height=\"30\" \/><img loading=\"lazy\" decoding=\"async\" src=\"http:\/\/www.lainformacion.com\/static\/pdf\/logos\/linkedin.png\" alt=\"\" width=\"30\" height=\"30\" \/><\/div>\n<\/div>\n<div id=\"siguenos\" class=\"modulo-saber-mas\">\n<h3>\u00danete a nues<\/h3>\n<\/div>\n","protected":false},"excerpt":{"rendered":"<p>Diez mil migrantes entraron a Macedonia procedentes de Grecia en 24 horas, entre el s\u00e1bado por la noche y el domingo a las 18H00 (16H00 GMT), anunci\u00f3 el lunes la polic\u00eda macedonia. &nbsp; Esta cifra elevada refuerza los temores de que se forme un nuevo cuello de botella humano en la ruta de los Balcanes [&hellip;]<\/p>\n","protected":false},"author":4,"featured_media":28896,"comment_status":"open","ping_status":"open","sticky":false,"template":"","format":"standard","meta":{"footnotes":""},"categories":[54,84],"tags":[],"class_list":["post-28895","post","type-post","status-publish","format-standard","has-post-thumbnail","hentry","category-emigrantes","category-otras-noticias"],"_links":{"self":[{"href":"https:\/\/2horizontes.com\/index.php?rest_route=\/wp\/v2\/posts\/28895","targetHints":{"allow":["GET"]}}],"collection":[{"href":"https:\/\/2horizontes.com\/index.php?rest_route=\/wp\/v2\/posts"}],"about":[{"href":"https:\/\/2horizontes.com\/index.php?rest_route=\/wp\/v2\/types\/post"}],"author":[{"embeddable":true,"href":"https:\/\/2horizontes.com\/index.php?rest_route=\/wp\/v2\/users\/4"}],"replies":[{"embeddable":true,"href":"https:\/\/2horizontes.com\/index.php?rest_route=%2Fwp%2Fv2%2Fcomments&post=28895"}],"version-history":[{"count":1,"href":"https:\/\/2horizontes.com\/index.php?rest_route=\/wp\/v2\/posts\/28895\/revisions"}],"predecessor-version":[{"id":28897,"href":"https:\/\/2horizontes.com\/index.php?rest_route=\/wp\/v2\/posts\/28895\/revisions\/28897"}],"wp:featuredmedia":[{"embeddable":true,"href":"https:\/\/2horizontes.com\/index.php?rest_route=\/wp\/v2\/media\/28896"}],"wp:attachment":[{"href":"https:\/\/2horizontes.com\/index.php?rest_route=%2Fwp%2Fv2%2Fmedia&parent=28895"}],"wp:term":[{"taxonomy":"category","embeddable":true,"href":"https:\/\/2horizontes.com\/index.php?rest_route=%2Fwp%2Fv2%2Fcategories&post=28895"},{"taxonomy":"post_tag","embeddable":true,"href":"https:\/\/2horizontes.com\/index.php?rest_route=%2Fwp%2Fv2%2Ftags&post=28895"}],"curies":[{"name":"wp","href":"https:\/\/api.w.org\/{rel}","templated":true}]}}