{"id":28768,"date":"2015-10-18T13:44:12","date_gmt":"2015-10-18T12:44:12","guid":{"rendered":"http:\/\/2horizontes.com\/?p=28768"},"modified":"2015-10-18T13:46:07","modified_gmt":"2015-10-18T12:46:07","slug":"estrenaran-serie-de-tv-sobre-los-ultimos-meses-de-vida-de-michael-jackson","status":"publish","type":"post","link":"https:\/\/2horizontes.com\/?p=28768","title":{"rendered":"Estrenan serie de TV sobre los \u00faltimos meses de vida de Michael Jackson"},"content":{"rendered":"<p>Los \u00faltimos cuatro meses de la vida del legendario \u201crey del pop\u201d Michael Jackson saltar\u00e1n a la peque\u00f1a pantalla en una serie de televisi\u00f3n que se encargar\u00e1 de producir la compa\u00f1\u00eda de entretenimiento Warner Bros. y se basar\u00e1 en el libro del escritor y estrella de televisi\u00f3n, Tavis Smiley.<\/p>\n<p>La fecha para el lanzamiento de esta serie televisiva sobre el int\u00e9rprete de \u201cThriller\u201d es desconocida a d\u00eda de hoy, aunque en junio de 2016 est\u00e1 previsto que se publique el nuevo libro de Smiley, titulado \u201cAntes de que me juzgues: el triunfo y la tragedia de los \u00faltimos d\u00edas de Michael Jackson\u201d, inform\u00f3 Warner Bros.<\/p>\n<p>La compa\u00f1\u00eda estadounidense detall\u00f3 en un comunicado que el libro de Smiley, que tiene su propio programa en la cadena PBS, examinar\u00e1 \u201clos altibajos\u201d de la vida de Jackson, fallecido el 25 de junio de 2009 en Los \u00c1ngeles por una sobredosis de f\u00e1rmacos que le administr\u00f3 su m\u00e9dico personal, Conrad Murray.<\/p>\n<p>En el libro, sobre el que se basar\u00e1 la futura serie de televisi\u00f3n, se examina la constante b\u00fasqueda de privacidad de la estrella, sus intentos de proteger una vida privada que ha quedado en entredicho, as\u00ed como las presiones de la fama que \u201cle hicieron socialmente fr\u00e1gil y casi incapaz de vivir\u201d, seg\u00fan la nota.<\/p>\n<p>Como resultado del acuerdo, Smiley tambi\u00e9n dar\u00e1 imagen y movimiento a otro de sus libros: \u201cMi viaje con Maya\u201d.<\/p>\n<p>En esta novela, el autor rememora sus 30 a\u00f1os de amistad con la poetisa Maya Angelou, fallecida en mayo de 2014 y que, en la d\u00e9cada de los a\u00f1os 60, particip\u00f3 activamente en el movimiento por los derechos civiles y trabaj\u00f3 estrechamente con dos de sus principales l\u00edderes, Malcom X y Martin Luther King.<\/p>\n<p>Autora de la famosa autobiograf\u00eda \u201cI Know Why the Caged Bird Sings\u201d (1969) y considerada como una de las principales intelectuales afroamericanas, Angelou fue adem\u00e1s de escritora, bailarina, actriz y la primera directora de cine negra de Hollywood.<\/p>\n<p>&nbsp;<\/p>\n","protected":false},"excerpt":{"rendered":"<p>Los \u00faltimos cuatro meses de la vida del legendario \u201crey del pop\u201d Michael Jackson saltar\u00e1n a la peque\u00f1a pantalla en una serie de televisi\u00f3n que se encargar\u00e1 de producir la compa\u00f1\u00eda de entretenimiento Warner Bros. y se basar\u00e1 en el libro del escritor y estrella de televisi\u00f3n, Tavis Smiley. La fecha para el lanzamiento de [&hellip;]<\/p>\n","protected":false},"author":3,"featured_media":28769,"comment_status":"open","ping_status":"open","sticky":false,"template":"","format":"standard","meta":{"footnotes":""},"categories":[1],"tags":[],"class_list":["post-28768","post","type-post","status-publish","format-standard","has-post-thumbnail","hentry","category-entretenimiento"],"_links":{"self":[{"href":"https:\/\/2horizontes.com\/index.php?rest_route=\/wp\/v2\/posts\/28768","targetHints":{"allow":["GET"]}}],"collection":[{"href":"https:\/\/2horizontes.com\/index.php?rest_route=\/wp\/v2\/posts"}],"about":[{"href":"https:\/\/2horizontes.com\/index.php?rest_route=\/wp\/v2\/types\/post"}],"author":[{"embeddable":true,"href":"https:\/\/2horizontes.com\/index.php?rest_route=\/wp\/v2\/users\/3"}],"replies":[{"embeddable":true,"href":"https:\/\/2horizontes.com\/index.php?rest_route=%2Fwp%2Fv2%2Fcomments&post=28768"}],"version-history":[{"count":2,"href":"https:\/\/2horizontes.com\/index.php?rest_route=\/wp\/v2\/posts\/28768\/revisions"}],"predecessor-version":[{"id":28771,"href":"https:\/\/2horizontes.com\/index.php?rest_route=\/wp\/v2\/posts\/28768\/revisions\/28771"}],"wp:featuredmedia":[{"embeddable":true,"href":"https:\/\/2horizontes.com\/index.php?rest_route=\/wp\/v2\/media\/28769"}],"wp:attachment":[{"href":"https:\/\/2horizontes.com\/index.php?rest_route=%2Fwp%2Fv2%2Fmedia&parent=28768"}],"wp:term":[{"taxonomy":"category","embeddable":true,"href":"https:\/\/2horizontes.com\/index.php?rest_route=%2Fwp%2Fv2%2Fcategories&post=28768"},{"taxonomy":"post_tag","embeddable":true,"href":"https:\/\/2horizontes.com\/index.php?rest_route=%2Fwp%2Fv2%2Ftags&post=28768"}],"curies":[{"name":"wp","href":"https:\/\/api.w.org\/{rel}","templated":true}]}}