{"id":28695,"date":"2015-10-16T20:59:23","date_gmt":"2015-10-16T19:59:23","guid":{"rendered":"http:\/\/2horizontes.com\/?p=28695"},"modified":"2015-10-16T20:59:23","modified_gmt":"2015-10-16T19:59:23","slug":"pn-investiga-un-hombre-que-hirio-a-militar-y-un-civil-en-bella-vista-rd","status":"publish","type":"post","link":"https:\/\/2horizontes.com\/?p=28695","title":{"rendered":"PN investiga un hombre que hiri\u00f3 a militar y un civil en Bella Vista RD"},"content":{"rendered":"<p>RD- SANTO DOMINGO-La Polic\u00eda inform\u00f3 que agentes de la Direcci\u00f3n Central de Investigaciones Criminales, (DICRIM) persiguen desde anoche activamente a un desconocido que hiri\u00f3 a otros dos hombres entre ellos un cabo de la Fuerza A\u00e9rea Rep\u00fablica Dominicana, en un hecho ocurrido en el sector de Bella Vista, Distrito Nacional.<\/p>\n<p>Los heridos son el cabo Jos\u00e9 Manauris Camilo Pimentel, (FARD) y Ram\u00f3n Enrique Pou Mora, y hasta el momento se desconoce la identidad del agresor.<\/p>\n<p>La instituci\u00f3n del orden precis\u00f3 que el alistado militar Camilo Pimentel,\u00a0 sufri\u00f3 un impacto en la pierna izquierda con salida de proyectil, mientras que Pou Mora, presenta una herida en el pie derecho con salida.<\/p>\n<p>El hecho ocurri\u00f3 a la 5:30 de la tarde en la calle Gaspar Polanco, n\u00famero 278 en la entrada del edificio Don Te\u00f3filo.<\/p>\n<p>El reporte preliminar\u00a0 refiere que de acuerdo a las declaraciones de Pou Mora, el victimario se present\u00f3 a la direcci\u00f3n en menci\u00f3n cuando \u00e9ste se encontraba conversando por el celular en la puerta del edificio manifest\u00e1ndole que se trataba de un asalto, que le entregara el celular y al negarse a darle el equipo le realiz\u00f3 un disparo ocasionado la herida que presenta.<\/p>\n<p>Fue en esa circunstancia en que el militar quien se encontraba en las proximidades intervino realizando varios disparos al asaltante quien a su vez ripost\u00f3 alcanzando a Camilo Pimentel, en la pierna izquierda y emprendiendo la huida del lugar en una motocicleta llev\u00e1ndose el celular antes mencionado.<\/p>\n<p>La escena del hecho fue procesada por miembros de la Polic\u00eda Cient\u00edfica quienes recolectaron evidencias para su an\u00e1lisis.<\/p>\n<p>La instituci\u00f3n del orden se\u00f1al\u00f3 que estado de salud\u00a0 de los heridos es estable hasta el momento.<\/p>\n","protected":false},"excerpt":{"rendered":"<p>RD- SANTO DOMINGO-La Polic\u00eda inform\u00f3 que agentes de la Direcci\u00f3n Central de Investigaciones Criminales, (DICRIM) persiguen desde anoche activamente a un desconocido que hiri\u00f3 a otros dos hombres entre ellos un cabo de la Fuerza A\u00e9rea Rep\u00fablica Dominicana, en un hecho ocurrido en el sector de Bella Vista, Distrito Nacional. Los heridos son el cabo [&hellip;]<\/p>\n","protected":false},"author":8,"featured_media":28684,"comment_status":"open","ping_status":"open","sticky":false,"template":"","format":"standard","meta":{"footnotes":""},"categories":[44],"tags":[],"class_list":["post-28695","post","type-post","status-publish","format-standard","has-post-thumbnail","hentry","category-republica-dominicana"],"_links":{"self":[{"href":"https:\/\/2horizontes.com\/index.php?rest_route=\/wp\/v2\/posts\/28695","targetHints":{"allow":["GET"]}}],"collection":[{"href":"https:\/\/2horizontes.com\/index.php?rest_route=\/wp\/v2\/posts"}],"about":[{"href":"https:\/\/2horizontes.com\/index.php?rest_route=\/wp\/v2\/types\/post"}],"author":[{"embeddable":true,"href":"https:\/\/2horizontes.com\/index.php?rest_route=\/wp\/v2\/users\/8"}],"replies":[{"embeddable":true,"href":"https:\/\/2horizontes.com\/index.php?rest_route=%2Fwp%2Fv2%2Fcomments&post=28695"}],"version-history":[{"count":1,"href":"https:\/\/2horizontes.com\/index.php?rest_route=\/wp\/v2\/posts\/28695\/revisions"}],"predecessor-version":[{"id":28696,"href":"https:\/\/2horizontes.com\/index.php?rest_route=\/wp\/v2\/posts\/28695\/revisions\/28696"}],"wp:featuredmedia":[{"embeddable":true,"href":"https:\/\/2horizontes.com\/index.php?rest_route=\/wp\/v2\/media\/28684"}],"wp:attachment":[{"href":"https:\/\/2horizontes.com\/index.php?rest_route=%2Fwp%2Fv2%2Fmedia&parent=28695"}],"wp:term":[{"taxonomy":"category","embeddable":true,"href":"https:\/\/2horizontes.com\/index.php?rest_route=%2Fwp%2Fv2%2Fcategories&post=28695"},{"taxonomy":"post_tag","embeddable":true,"href":"https:\/\/2horizontes.com\/index.php?rest_route=%2Fwp%2Fv2%2Ftags&post=28695"}],"curies":[{"name":"wp","href":"https:\/\/api.w.org\/{rel}","templated":true}]}}