{"id":28686,"date":"2015-10-16T20:42:44","date_gmt":"2015-10-16T19:42:44","guid":{"rendered":"http:\/\/2horizontes.com\/?p=28686"},"modified":"2015-10-16T20:42:44","modified_gmt":"2015-10-16T19:42:44","slug":"hallan-hombre-muerto-con-herida-de-bala-en-un-ascensor-rd","status":"publish","type":"post","link":"https:\/\/2horizontes.com\/?p=28686","title":{"rendered":"Hallan hombre muerto con herida de bala en un ascensor RD"},"content":{"rendered":"<p><strong>RD-SANTO DOMINGO<\/strong>-La Polic\u00eda investiga la muerte de un hombre que anoche fue hallado dentro del ascensor de un residencial del ensanche Quisqueya, con una herida de bala y m\u00faltiples heridas penetrantes en el pecho.<\/p>\n<p>Juan Isidro veras Grull\u00f3n, de 43 a\u00f1os, fue hallado muerto dentro del ascensor del Residencial L\u00eda II, ubicado en la calle Luis F. Thomen n\u00famero 263, del Ensanche Quisqueya..<\/p>\n<p>La doctora Margarita Santana, m\u00e9dico legista certific\u00f3 que el hombre falleci\u00f3 a causa de una herida de bala en el vientre y de m\u00faltiples heridas corto-penetrantes que le provocaron una hemorragia.<\/p>\n<p>Un informe preliminar del caso explica que el nacional haitiano Robert Virgilien, sereno del residencial, inform\u00f3 que Veras Grull\u00f3n lleg\u00f3 al lugar a las 7:40 de la noche, en una camioneta Volkswagen, blanca, placa LE05215, la cual estacion\u00f3 en su parqueo y luego subi\u00f3 a su apartamento.<\/p>\n<p>Relat\u00f3 que unos 15 minutos despu\u00e9s oy\u00f3 una detonaci\u00f3n como de un disparo, por lo cual se traslad\u00f3 al bloque C del residencial y al no observar nada anormal volvi\u00f3 a su lugar de trabajo a la entrada del edificio.<\/p>\n<p>Agreg\u00f3 que luego lleg\u00f3 al lugar un se\u00f1or que habitualmente pasa a recoger a una ni\u00f1a, quien avis\u00f3 sobre un hombre muerto al abrir la puerta del ascensor, por lo que procedi\u00f3 a llamar al 9-1-1.<\/p>\n<p>La escena del crimen fue procesada por los t\u00e9cnicos de la Polic\u00eda Cient\u00edfica y las evidencias colectadas incorporadas al proceso investigativo.<\/p>\n","protected":false},"excerpt":{"rendered":"<p>RD-SANTO DOMINGO-La Polic\u00eda investiga la muerte de un hombre que anoche fue hallado dentro del ascensor de un residencial del ensanche Quisqueya, con una herida de bala y m\u00faltiples heridas penetrantes en el pecho. Juan Isidro veras Grull\u00f3n, de 43 a\u00f1os, fue hallado muerto dentro del ascensor del Residencial L\u00eda II, ubicado en la calle [&hellip;]<\/p>\n","protected":false},"author":8,"featured_media":28692,"comment_status":"open","ping_status":"open","sticky":false,"template":"","format":"standard","meta":{"footnotes":""},"categories":[44],"tags":[],"class_list":["post-28686","post","type-post","status-publish","format-standard","has-post-thumbnail","hentry","category-republica-dominicana"],"_links":{"self":[{"href":"https:\/\/2horizontes.com\/index.php?rest_route=\/wp\/v2\/posts\/28686","targetHints":{"allow":["GET"]}}],"collection":[{"href":"https:\/\/2horizontes.com\/index.php?rest_route=\/wp\/v2\/posts"}],"about":[{"href":"https:\/\/2horizontes.com\/index.php?rest_route=\/wp\/v2\/types\/post"}],"author":[{"embeddable":true,"href":"https:\/\/2horizontes.com\/index.php?rest_route=\/wp\/v2\/users\/8"}],"replies":[{"embeddable":true,"href":"https:\/\/2horizontes.com\/index.php?rest_route=%2Fwp%2Fv2%2Fcomments&post=28686"}],"version-history":[{"count":1,"href":"https:\/\/2horizontes.com\/index.php?rest_route=\/wp\/v2\/posts\/28686\/revisions"}],"predecessor-version":[{"id":28694,"href":"https:\/\/2horizontes.com\/index.php?rest_route=\/wp\/v2\/posts\/28686\/revisions\/28694"}],"wp:featuredmedia":[{"embeddable":true,"href":"https:\/\/2horizontes.com\/index.php?rest_route=\/wp\/v2\/media\/28692"}],"wp:attachment":[{"href":"https:\/\/2horizontes.com\/index.php?rest_route=%2Fwp%2Fv2%2Fmedia&parent=28686"}],"wp:term":[{"taxonomy":"category","embeddable":true,"href":"https:\/\/2horizontes.com\/index.php?rest_route=%2Fwp%2Fv2%2Fcategories&post=28686"},{"taxonomy":"post_tag","embeddable":true,"href":"https:\/\/2horizontes.com\/index.php?rest_route=%2Fwp%2Fv2%2Ftags&post=28686"}],"curies":[{"name":"wp","href":"https:\/\/api.w.org\/{rel}","templated":true}]}}