{"id":28683,"date":"2015-10-16T20:23:22","date_gmt":"2015-10-16T19:23:22","guid":{"rendered":"http:\/\/2horizontes.com\/?p=28683"},"modified":"2015-10-16T20:23:22","modified_gmt":"2015-10-16T19:23:22","slug":"rescatan-tres-ninos-abandonados-en-una-vivienda-durante-un-mes-rd","status":"publish","type":"post","link":"https:\/\/2horizontes.com\/?p=28683","title":{"rendered":"Rescatan tres ni\u00f1os abandonados en una vivienda durante un mes RD"},"content":{"rendered":"<div id=\"ArticleBody\">\n<p>RD- SANTIAGO-La Polic\u00eda Nacional inform\u00f3 que investiga el caso de tres ni\u00f1os que fueron supuestamente abandonados por su madre\u00a0 en una vivienda ubicada en el barrio Duarte, \u201cLa Cacata\u201d, en\u00a0 Cien Fuegos, Santiago.<\/p>\n<p>Los menores, que tienen edades entre 11a\u00f1os y 8 meses, seg\u00fan la Polic\u00eda, llevaban\u00a0 un mes encerrados en la referida casa.<\/p>\n<p>Seg\u00fan el vocero policial, general, M\u00e1ximo B\u00e1ez Aybar, los ni\u00f1os fueron trasladados inicialmente por personal de la fiscal\u00eda y la polic\u00eda al hospital infantil Arturo Grull\u00f3n donde fueron evaluados y, tras una supervisi\u00f3n r\u00e1pida, \u201clucen estables\u201d, aunque esperar\u00e1n por una evaluaci\u00f3n m\u00e1s profunda para determinar su grado de desnutrici\u00f3n.<\/p>\n<p>Al preguntarle que si ser\u00eda arrestada la madre de los menores, B\u00e1ez Aybar asegur\u00f3 que se investigar\u00e1 para determinar\u00a0 el porqu\u00e9 los ni\u00f1os fueron abandonados y, conforme al resultado, establecer si la arrestan o no.<\/p>\n<p>Los menores quedaron bajo el cuidado del departamento de\u00a0 Violencia Dom\u00e9stica de la Fiscal\u00eda de Santiago.<\/p>\n<\/div>\n<div><\/div>\n<p>&nbsp;<\/p>\n","protected":false},"excerpt":{"rendered":"<p>RD- SANTIAGO-La Polic\u00eda Nacional inform\u00f3 que investiga el caso de tres ni\u00f1os que fueron supuestamente abandonados por su madre\u00a0 en una vivienda ubicada en el barrio Duarte, \u201cLa Cacata\u201d, en\u00a0 Cien Fuegos, Santiago. Los menores, que tienen edades entre 11a\u00f1os y 8 meses, seg\u00fan la Polic\u00eda, llevaban\u00a0 un mes encerrados en la referida casa. Seg\u00fan [&hellip;]<\/p>\n","protected":false},"author":8,"featured_media":28684,"comment_status":"open","ping_status":"open","sticky":false,"template":"","format":"standard","meta":{"footnotes":""},"categories":[53,44,45],"tags":[],"class_list":["post-28683","post","type-post","status-publish","format-standard","has-post-thumbnail","hentry","category-provincias","category-republica-dominicana","category-salud"],"_links":{"self":[{"href":"https:\/\/2horizontes.com\/index.php?rest_route=\/wp\/v2\/posts\/28683","targetHints":{"allow":["GET"]}}],"collection":[{"href":"https:\/\/2horizontes.com\/index.php?rest_route=\/wp\/v2\/posts"}],"about":[{"href":"https:\/\/2horizontes.com\/index.php?rest_route=\/wp\/v2\/types\/post"}],"author":[{"embeddable":true,"href":"https:\/\/2horizontes.com\/index.php?rest_route=\/wp\/v2\/users\/8"}],"replies":[{"embeddable":true,"href":"https:\/\/2horizontes.com\/index.php?rest_route=%2Fwp%2Fv2%2Fcomments&post=28683"}],"version-history":[{"count":1,"href":"https:\/\/2horizontes.com\/index.php?rest_route=\/wp\/v2\/posts\/28683\/revisions"}],"predecessor-version":[{"id":28685,"href":"https:\/\/2horizontes.com\/index.php?rest_route=\/wp\/v2\/posts\/28683\/revisions\/28685"}],"wp:featuredmedia":[{"embeddable":true,"href":"https:\/\/2horizontes.com\/index.php?rest_route=\/wp\/v2\/media\/28684"}],"wp:attachment":[{"href":"https:\/\/2horizontes.com\/index.php?rest_route=%2Fwp%2Fv2%2Fmedia&parent=28683"}],"wp:term":[{"taxonomy":"category","embeddable":true,"href":"https:\/\/2horizontes.com\/index.php?rest_route=%2Fwp%2Fv2%2Fcategories&post=28683"},{"taxonomy":"post_tag","embeddable":true,"href":"https:\/\/2horizontes.com\/index.php?rest_route=%2Fwp%2Fv2%2Ftags&post=28683"}],"curies":[{"name":"wp","href":"https:\/\/api.w.org\/{rel}","templated":true}]}}