{"id":28639,"date":"2015-10-16T16:44:00","date_gmt":"2015-10-16T15:44:00","guid":{"rendered":"http:\/\/2horizontes.com\/?p=28639"},"modified":"2015-10-16T16:44:00","modified_gmt":"2015-10-16T15:44:00","slug":"en-moca-protestan-en-demanda-de-agua-potable-rd","status":"publish","type":"post","link":"https:\/\/2horizontes.com\/?p=28639","title":{"rendered":"En Moca protestan en demanda de agua potable RD"},"content":{"rendered":"<p><strong>RD-Moca.<\/strong>&#8211; Los moradores de los sectores San V\u00edctor Abajo y Amaceyes iniciaron este mi\u00e9rcoles un paro para reclamar agua potable y la construcci\u00f3n de 10 kil\u00f3metros de carretera.<\/p>\n<p>El tr\u00e1nsito fue obstaculizado con quema de neum\u00e1ticos y lanzamiento de escombros a las calles.<\/p>\n<p>El comunitario Fernando Ovalle dijo que al menos 18 casas tienen que usar el agua de un manantial que hizo la comunidad.<\/p>\n<p>Mientras que Raquel Ovalle dijo que su familia gast\u00f3 nueve mil pesos en hacer un pozo, debido a que llevan meses sin recibir el l\u00edquido.<\/p>\n<p>&nbsp;<\/p>\n","protected":false},"excerpt":{"rendered":"<p>RD-Moca.&#8211; Los moradores de los sectores San V\u00edctor Abajo y Amaceyes iniciaron este mi\u00e9rcoles un paro para reclamar agua potable y la construcci\u00f3n de 10 kil\u00f3metros de carretera. El tr\u00e1nsito fue obstaculizado con quema de neum\u00e1ticos y lanzamiento de escombros a las calles. El comunitario Fernando Ovalle dijo que al menos 18 casas tienen que [&hellip;]<\/p>\n","protected":false},"author":8,"featured_media":28640,"comment_status":"open","ping_status":"open","sticky":false,"template":"","format":"standard","meta":{"footnotes":""},"categories":[53,44],"tags":[],"class_list":["post-28639","post","type-post","status-publish","format-standard","has-post-thumbnail","hentry","category-provincias","category-republica-dominicana"],"_links":{"self":[{"href":"https:\/\/2horizontes.com\/index.php?rest_route=\/wp\/v2\/posts\/28639","targetHints":{"allow":["GET"]}}],"collection":[{"href":"https:\/\/2horizontes.com\/index.php?rest_route=\/wp\/v2\/posts"}],"about":[{"href":"https:\/\/2horizontes.com\/index.php?rest_route=\/wp\/v2\/types\/post"}],"author":[{"embeddable":true,"href":"https:\/\/2horizontes.com\/index.php?rest_route=\/wp\/v2\/users\/8"}],"replies":[{"embeddable":true,"href":"https:\/\/2horizontes.com\/index.php?rest_route=%2Fwp%2Fv2%2Fcomments&post=28639"}],"version-history":[{"count":1,"href":"https:\/\/2horizontes.com\/index.php?rest_route=\/wp\/v2\/posts\/28639\/revisions"}],"predecessor-version":[{"id":28641,"href":"https:\/\/2horizontes.com\/index.php?rest_route=\/wp\/v2\/posts\/28639\/revisions\/28641"}],"wp:featuredmedia":[{"embeddable":true,"href":"https:\/\/2horizontes.com\/index.php?rest_route=\/wp\/v2\/media\/28640"}],"wp:attachment":[{"href":"https:\/\/2horizontes.com\/index.php?rest_route=%2Fwp%2Fv2%2Fmedia&parent=28639"}],"wp:term":[{"taxonomy":"category","embeddable":true,"href":"https:\/\/2horizontes.com\/index.php?rest_route=%2Fwp%2Fv2%2Fcategories&post=28639"},{"taxonomy":"post_tag","embeddable":true,"href":"https:\/\/2horizontes.com\/index.php?rest_route=%2Fwp%2Fv2%2Ftags&post=28639"}],"curies":[{"name":"wp","href":"https:\/\/api.w.org\/{rel}","templated":true}]}}