{"id":28625,"date":"2015-10-16T15:52:02","date_gmt":"2015-10-16T14:52:02","guid":{"rendered":"http:\/\/2horizontes.com\/?p=28625"},"modified":"2015-10-16T15:52:02","modified_gmt":"2015-10-16T14:52:02","slug":"entregan-rd1-4-millones-a-familiares-de-dos-policias-ultimados-rd","status":"publish","type":"post","link":"https:\/\/2horizontes.com\/?p=28625","title":{"rendered":"Entregan RD$1.4 millones a familiares de dos polic\u00edas ultimados RD"},"content":{"rendered":"<p>RD- SANTO DOMINGO-El ministro de Interior y Polic\u00eda, Jos\u00e9 Ram\u00f3n Fadul\u00a0 y el jefe de la Polic\u00eda Nacional\u00a0, mayor general Nelson Guerrero Paredes, \u00a0entregaron RD$1.4 millones a los familiares de dos polic\u00edas ca\u00eddos en el cumplimiento de su deber.<\/p>\n<p>Los agentes muertos fueron el\u00a0 sargento Nilo P\u00e9rez Jaqu\u00e9s y el cabo Jefry Morillo Lachapel.<\/p>\n<p>Al entregar los cheques el jefe de la Polic\u00eda dijo\u00a0 que este incentivo va de manera directa a las familias de los agentes fallecidos.<\/p>\n<p>Cada una de las familias recibi\u00f3 un cheque de 700 mil, pesos. Por el sargento\u00a0 Nilo P\u00e9rez Jaqu\u00e9s, recibi\u00f3 Gettuys Martinez.<\/p>\n<p>En tanto que por\u00a0 raso Jefry Morillo Lachapel estuvo Meredith Mej\u00eda con quien\u00a0 procre\u00f3 al ni\u00f1o de seis meses Jhostin Enmanuel\u00a0 Morillo Mej\u00eda.<\/p>\n<p>P\u00e9rez Jaqu\u00e9s y Morillo Lachapel fueron ultimados mientras trasladaban a un detenido a bordo de un veh\u00edculo policial.<\/p>\n<p>&nbsp;<\/p>\n","protected":false},"excerpt":{"rendered":"<p>RD- SANTO DOMINGO-El ministro de Interior y Polic\u00eda, Jos\u00e9 Ram\u00f3n Fadul\u00a0 y el jefe de la Polic\u00eda Nacional\u00a0, mayor general Nelson Guerrero Paredes, \u00a0entregaron RD$1.4 millones a los familiares de dos polic\u00edas ca\u00eddos en el cumplimiento de su deber. Los agentes muertos fueron el\u00a0 sargento Nilo P\u00e9rez Jaqu\u00e9s y el cabo Jefry Morillo Lachapel. Al [&hellip;]<\/p>\n","protected":false},"author":8,"featured_media":28626,"comment_status":"open","ping_status":"open","sticky":false,"template":"","format":"standard","meta":{"footnotes":""},"categories":[63,44],"tags":[],"class_list":["post-28625","post","type-post","status-publish","format-standard","has-post-thumbnail","hentry","category-economia","category-republica-dominicana"],"_links":{"self":[{"href":"https:\/\/2horizontes.com\/index.php?rest_route=\/wp\/v2\/posts\/28625","targetHints":{"allow":["GET"]}}],"collection":[{"href":"https:\/\/2horizontes.com\/index.php?rest_route=\/wp\/v2\/posts"}],"about":[{"href":"https:\/\/2horizontes.com\/index.php?rest_route=\/wp\/v2\/types\/post"}],"author":[{"embeddable":true,"href":"https:\/\/2horizontes.com\/index.php?rest_route=\/wp\/v2\/users\/8"}],"replies":[{"embeddable":true,"href":"https:\/\/2horizontes.com\/index.php?rest_route=%2Fwp%2Fv2%2Fcomments&post=28625"}],"version-history":[{"count":1,"href":"https:\/\/2horizontes.com\/index.php?rest_route=\/wp\/v2\/posts\/28625\/revisions"}],"predecessor-version":[{"id":28627,"href":"https:\/\/2horizontes.com\/index.php?rest_route=\/wp\/v2\/posts\/28625\/revisions\/28627"}],"wp:featuredmedia":[{"embeddable":true,"href":"https:\/\/2horizontes.com\/index.php?rest_route=\/wp\/v2\/media\/28626"}],"wp:attachment":[{"href":"https:\/\/2horizontes.com\/index.php?rest_route=%2Fwp%2Fv2%2Fmedia&parent=28625"}],"wp:term":[{"taxonomy":"category","embeddable":true,"href":"https:\/\/2horizontes.com\/index.php?rest_route=%2Fwp%2Fv2%2Fcategories&post=28625"},{"taxonomy":"post_tag","embeddable":true,"href":"https:\/\/2horizontes.com\/index.php?rest_route=%2Fwp%2Fv2%2Ftags&post=28625"}],"curies":[{"name":"wp","href":"https:\/\/api.w.org\/{rel}","templated":true}]}}