{"id":28608,"date":"2015-10-16T12:24:25","date_gmt":"2015-10-16T11:24:25","guid":{"rendered":"http:\/\/2horizontes.com\/?p=28608"},"modified":"2015-10-16T12:24:25","modified_gmt":"2015-10-16T11:24:25","slug":"arrestan-al-opositor-manuel-rosales-a-su-regreso-a-venezuela-tras-seis-anos-de-exilio","status":"publish","type":"post","link":"https:\/\/2horizontes.com\/?p=28608","title":{"rendered":"Arrestan al opositor Manuel Rosales a su regreso a Venezuela tras seis a\u00f1os de exilio"},"content":{"rendered":"<p class=\"story-body__introduction\">Venezuela<\/p>\n<p class=\"story-body__introduction\">El pol\u00edtico opositor venezolano Manuel Rosales, exiliado en Per\u00fa desde 2009, fue arrestado este jueves en Maracaibo poco despu\u00e9s de su llegada al pa\u00eds.<\/p>\n<p>Candidato a la presidencia en 2006, Rosales es acusado por la justicia venezolana de enriquecimiento il\u00edcito durante sus dos periodos como gobernador del estado Zulia.<\/p>\n<p>Medios locales y miembros de la oposici\u00f3n que acompa\u00f1aron al dirigente en su llegada informaron que <strong>Rosales fue detenido por agentes de los servicios de inteligencia y embarcado en un avi\u00f3n oficial con destino a Caracas.<\/strong><\/p>\n<p>En el aeropuerto de Maracaibo hab\u00eda fuerte presencia de militares.<\/p>\n<p>La fiscal general venezolana, Luisa Ortega, advirti\u00f3 la semana pasada que el pol\u00edtico ser\u00eda arrestado si entraba a Venezuela.<\/p>\n<p>Seg\u00fan la imputaci\u00f3n del Ministerio P\u00fablico en 2009, en sus declaraciones como gobernador Rosales registr\u00f3 fondos que no pudo justificar ante el \u00f3rgano contralor.<\/p>\n<figure class=\"media-landscape has-caption full-width\"><figcaption class=\"media-caption\"><span class=\"off-screen\">Image caption<\/span><span class=\"media-caption__text\">La justicia acusa a Rosales de enriquecimiento il\u00edcito.<\/span><\/figcaption><\/figure>\n<p>\u00abA pesar de que el anuncio se produjo hace varias semanas, le llegada de Rosales es una sorpresa para muchos venezolanos, que ahora se preguntan sus intenciones y su estrategia al entregarse a las autoridades\u00bb, explica el corresponsal de BBC Mundo en Venezuela, Daniel Pardo.<\/p>\n<h2 class=\"story-body__crosshead\">Asilo en Per\u00fa<\/h2>\n<figure class=\"media-landscape has-caption body-narrow-width\"><figcaption class=\"media-caption\"><span class=\"off-screen\">Image caption<\/span><span class=\"media-caption__text\">Rosales perdi\u00f3 en la elecci\u00f3n contra Hugo Ch\u00e1vez en 2006.<\/span><\/figcaption><\/figure>\n<p>Desde el asilo en Per\u00fa, <strong>Rosales fue consultor pol\u00edtico y dirigi\u00f3 la creaci\u00f3n del partido de oposici\u00f3n venezolano Un Nuevo Tiempo.<\/strong><\/p>\n<p>Venezuela rompi\u00f3 relaciones con Per\u00fa cuando Rosales recibi\u00f3 el asilo en ese pa\u00eds, en 2009.<\/p>\n<p>El opositor fue el primer candidato de la oposici\u00f3n que se enfrent\u00f3 al presidente Hugo Ch\u00e1vez despu\u00e9s de la debacle que sufri\u00f3 la bancada antichavista tras el fallido golpe de Estado en 2002.<\/p>\n<figure class=\"media-portrait has-caption body-narrow-width\"><figcaption class=\"media-caption\"><span class=\"off-screen\">Image caption<\/span><span class=\"media-caption__text\">El venezolano transmiti\u00f3 su llegada a Venezuela por Periscope.<\/span><\/figcaption><\/figure>\n<p>Rosales <strong>tambi\u00e9n ha sido acusado por miembros del oficialismo venezolano de planear el asesinato de Ch\u00e1vez<\/strong> con paramilitares colombianos.<\/p>\n<p>Organizaciones de derechos humanos como Human Rights Watch han calificado el caso de Rosales como un ejemplo de la persecuci\u00f3n pol\u00edtica y judicial que vive la oposici\u00f3n en Venezuela.<\/p>\n<p>Leopoldo L\u00f3pez y otros dirigentes de oposici\u00f3n est\u00e1n encarcelados.<\/p>\n<p>Rosales llega a Venezuela a dos meses de unas elecciones parlamentarias en las que la oposici\u00f3n aparece por delante en los sondeos de intenci\u00f3n de voto.<\/p>\n<p>\u00abLas teor\u00edas de por qu\u00e9 Rosales decidi\u00f3 volver a Venezuela van desde que negoci\u00f3 un estilo de amnist\u00eda con el gobierno a que espera una victoria opositora en el parlamento que en \u00faltimas lo deje en libertad plena\u00bb, a\u00f1ade nuestro corresponsal.<\/p>\n<p>F. BBC.<\/p>\n","protected":false},"excerpt":{"rendered":"<p>Venezuela El pol\u00edtico opositor venezolano Manuel Rosales, exiliado en Per\u00fa desde 2009, fue arrestado este jueves en Maracaibo poco despu\u00e9s de su llegada al pa\u00eds. Candidato a la presidencia en 2006, Rosales es acusado por la justicia venezolana de enriquecimiento il\u00edcito durante sus dos periodos como gobernador del estado Zulia. Medios locales y miembros de [&hellip;]<\/p>\n","protected":false},"author":7,"featured_media":28611,"comment_status":"open","ping_status":"open","sticky":false,"template":"","format":"standard","meta":{"footnotes":""},"categories":[40,43,48],"tags":[],"class_list":["post-28608","post","type-post","status-publish","format-standard","has-post-thumbnail","hentry","category-internacionales","category-politica","category-venezuela"],"_links":{"self":[{"href":"https:\/\/2horizontes.com\/index.php?rest_route=\/wp\/v2\/posts\/28608","targetHints":{"allow":["GET"]}}],"collection":[{"href":"https:\/\/2horizontes.com\/index.php?rest_route=\/wp\/v2\/posts"}],"about":[{"href":"https:\/\/2horizontes.com\/index.php?rest_route=\/wp\/v2\/types\/post"}],"author":[{"embeddable":true,"href":"https:\/\/2horizontes.com\/index.php?rest_route=\/wp\/v2\/users\/7"}],"replies":[{"embeddable":true,"href":"https:\/\/2horizontes.com\/index.php?rest_route=%2Fwp%2Fv2%2Fcomments&post=28608"}],"version-history":[{"count":1,"href":"https:\/\/2horizontes.com\/index.php?rest_route=\/wp\/v2\/posts\/28608\/revisions"}],"predecessor-version":[{"id":28612,"href":"https:\/\/2horizontes.com\/index.php?rest_route=\/wp\/v2\/posts\/28608\/revisions\/28612"}],"wp:featuredmedia":[{"embeddable":true,"href":"https:\/\/2horizontes.com\/index.php?rest_route=\/wp\/v2\/media\/28611"}],"wp:attachment":[{"href":"https:\/\/2horizontes.com\/index.php?rest_route=%2Fwp%2Fv2%2Fmedia&parent=28608"}],"wp:term":[{"taxonomy":"category","embeddable":true,"href":"https:\/\/2horizontes.com\/index.php?rest_route=%2Fwp%2Fv2%2Fcategories&post=28608"},{"taxonomy":"post_tag","embeddable":true,"href":"https:\/\/2horizontes.com\/index.php?rest_route=%2Fwp%2Fv2%2Ftags&post=28608"}],"curies":[{"name":"wp","href":"https:\/\/api.w.org\/{rel}","templated":true}]}}