{"id":28605,"date":"2015-10-16T12:22:18","date_gmt":"2015-10-16T11:22:18","guid":{"rendered":"http:\/\/2horizontes.com\/?p=28605"},"modified":"2015-10-16T12:22:18","modified_gmt":"2015-10-16T11:22:18","slug":"una-pareja-gay-de-chile-ha-sido-discriminada-por-un-conductor-de-autobus","status":"publish","type":"post","link":"https:\/\/2horizontes.com\/?p=28605","title":{"rendered":"Una pareja gay de Chile ha sido discriminada por un conductor de autob\u00fas"},"content":{"rendered":"<p>Tenemos un nuevo caso de discriminaci\u00f3n en el pa\u00eds de Chile y el segundo que se cuenta en pocos meses por parte de la empresa de autobuses, Turbus. Ya conocimos otro caso de discriminaci\u00f3n que ven\u00eda por parte de un empleado de esta compa\u00f1\u00eda hacia una pareja gay y el caso se ha vuelto a repetir.<\/p>\n<p>Seg\u00fan cuenta la noticia, la pareja compr\u00f3 el billete para trasladarse desde Antofagasta hasta Calama y una vez que subi\u00f3 al veh\u00edculo se encontr\u00f3 con una desagradable situaci\u00f3n cuando el conductor se dirigi\u00f3 hacia ellos para decirles \u00abdeber\u00edan ustedes leer la Biblia para que se purifiquen\u00bb<\/p>\n<p>Los chicos siguieron all\u00ed como si nada aunque algo desconcertados. Sin embargo, el conductor sigui\u00f3 una vez m\u00e1s y se par\u00f3 a comentar a otro pasajero al que le dijo algo que no se pudo o\u00edr pero con lo que luego se estaban riendo de la pareja. Uno de los j\u00f3venes grab\u00f3 parte de los comentarios y se encarg\u00f3 de hacerlo saber a Movilh.<\/p>\n<p>Movilh, como tantas otras veces, se puso en contacto con la empresa para solicitar una merecida disculpa hacia los chicos que se hab\u00edan sentido humillados desde el primer momento en que se subieron al autob\u00fas. Turbus se puso en contacto con la pareja de inmediato para presentar sus lamentos por la desagradable situaci\u00f3n.<\/p>\n<p>Sin duda tenemos un caso nuevo de discriminaci\u00f3n a partir de una empresa chilena que no es nueva en esto puesto que, como ya hemos dicho antes, ha sido la segunda vez que esta compa\u00f1\u00eda ha protagonizado un caso de discriminaci\u00f3n hacia miembros del Colectivo LGTB. \u00a1Seguiremos al tanto!<\/p>\n","protected":false},"excerpt":{"rendered":"<p>Tenemos un nuevo caso de discriminaci\u00f3n en el pa\u00eds de Chile y el segundo que se cuenta en pocos meses por parte de la empresa de autobuses, Turbus. Ya conocimos otro caso de discriminaci\u00f3n que ven\u00eda por parte de un empleado de esta compa\u00f1\u00eda hacia una pareja gay y el caso se ha vuelto a [&hellip;]<\/p>\n","protected":false},"author":3,"featured_media":28609,"comment_status":"open","ping_status":"open","sticky":false,"template":"","format":"standard","meta":{"footnotes":""},"categories":[57],"tags":[],"class_list":["post-28605","post","type-post","status-publish","format-standard","has-post-thumbnail","hentry","category-mundo-gay"],"_links":{"self":[{"href":"https:\/\/2horizontes.com\/index.php?rest_route=\/wp\/v2\/posts\/28605","targetHints":{"allow":["GET"]}}],"collection":[{"href":"https:\/\/2horizontes.com\/index.php?rest_route=\/wp\/v2\/posts"}],"about":[{"href":"https:\/\/2horizontes.com\/index.php?rest_route=\/wp\/v2\/types\/post"}],"author":[{"embeddable":true,"href":"https:\/\/2horizontes.com\/index.php?rest_route=\/wp\/v2\/users\/3"}],"replies":[{"embeddable":true,"href":"https:\/\/2horizontes.com\/index.php?rest_route=%2Fwp%2Fv2%2Fcomments&post=28605"}],"version-history":[{"count":1,"href":"https:\/\/2horizontes.com\/index.php?rest_route=\/wp\/v2\/posts\/28605\/revisions"}],"predecessor-version":[{"id":28610,"href":"https:\/\/2horizontes.com\/index.php?rest_route=\/wp\/v2\/posts\/28605\/revisions\/28610"}],"wp:featuredmedia":[{"embeddable":true,"href":"https:\/\/2horizontes.com\/index.php?rest_route=\/wp\/v2\/media\/28609"}],"wp:attachment":[{"href":"https:\/\/2horizontes.com\/index.php?rest_route=%2Fwp%2Fv2%2Fmedia&parent=28605"}],"wp:term":[{"taxonomy":"category","embeddable":true,"href":"https:\/\/2horizontes.com\/index.php?rest_route=%2Fwp%2Fv2%2Fcategories&post=28605"},{"taxonomy":"post_tag","embeddable":true,"href":"https:\/\/2horizontes.com\/index.php?rest_route=%2Fwp%2Fv2%2Ftags&post=28605"}],"curies":[{"name":"wp","href":"https:\/\/api.w.org\/{rel}","templated":true}]}}