{"id":28594,"date":"2015-10-16T12:05:22","date_gmt":"2015-10-16T11:05:22","guid":{"rendered":"http:\/\/2horizontes.com\/?p=28594"},"modified":"2015-10-16T12:05:22","modified_gmt":"2015-10-16T11:05:22","slug":"en-chile-estudiantes-piden-en-las-calles-reforma-educativa","status":"publish","type":"post","link":"https:\/\/2horizontes.com\/?p=28594","title":{"rendered":"En Chile estudiantes piden en las calles \u201creforma educativa\u201d"},"content":{"rendered":"<p>AFP \/Santiago<\/p>\n<p>Miles de estudiantes volvieron a salir ayer\u00a0 a las calles de Chile, en demanda de una reforma educativa \u00abtransformadora\u201d y en rechazo a las medidas propuestas por el gobierno de Michelle Bachelet.<\/p>\n<p>Convocados\u00a0 bajo la consigna \u00abGratuidad sin transformar no es avanzar\u201d, los estudiantes avanzaron por la c\u00e9ntrica Alameda, en el centro de Santiago, en un largo recorrido condimentado con tambores y bailes de los j\u00f3venes estudiantes.<\/p>\n<p>\u00abHemos demandado todo el a\u00f1o una reforma educacional transformadora\u201d,\u00a0 dijo la presidenta de la Federaci\u00f3n de Estudiantes de la Universidad de Chile, Valentina Saavedra, que encabez\u00f3 la manifestaci\u00f3n.<\/p>\n<p>En medio del trayecto, sobre el pavimento de la avenida Alameda, una manifestante escribi\u00f3: \u00ab\u00a1Ni negociaci\u00f3n ni propuestas tibias, educaci\u00f3n digna ahora!\u201d.<\/p>\n<p>Los organizadores cifraron en 60.000 los asistentes a esta manifestaci\u00f3n, en la que al terminar se desarrollaban algunos enfrentamientos entre manifestantes encapuchados y efectivos de las fuerzas especiales de la Polic\u00eda chilena. Como normalmente ocurre, los estudiantes arrojaron piedras y palos a la Polic\u00eda, que repeli\u00f3 los ataques con chorros de agua y gas lacrim\u00f3geno.<\/p>\n<p>Los estudiantes est\u00e1n disconformes con el avance de una anhelada reforma educativa que lleva adelante el gobierno de la socialista Bachelet, que tuvo en esta reforma una de sus principales promesas de campa\u00f1a.<\/p>\n","protected":false},"excerpt":{"rendered":"<p>AFP \/Santiago Miles de estudiantes volvieron a salir ayer\u00a0 a las calles de Chile, en demanda de una reforma educativa \u00abtransformadora\u201d y en rechazo a las medidas propuestas por el gobierno de Michelle Bachelet. Convocados\u00a0 bajo la consigna \u00abGratuidad sin transformar no es avanzar\u201d, los estudiantes avanzaron por la c\u00e9ntrica Alameda, en el centro de [&hellip;]<\/p>\n","protected":false},"author":7,"featured_media":28595,"comment_status":"open","ping_status":"open","sticky":false,"template":"","format":"standard","meta":{"footnotes":""},"categories":[55,40],"tags":[],"class_list":["post-28594","post","type-post","status-publish","format-standard","has-post-thumbnail","hentry","category-educacion","category-internacionales"],"_links":{"self":[{"href":"https:\/\/2horizontes.com\/index.php?rest_route=\/wp\/v2\/posts\/28594","targetHints":{"allow":["GET"]}}],"collection":[{"href":"https:\/\/2horizontes.com\/index.php?rest_route=\/wp\/v2\/posts"}],"about":[{"href":"https:\/\/2horizontes.com\/index.php?rest_route=\/wp\/v2\/types\/post"}],"author":[{"embeddable":true,"href":"https:\/\/2horizontes.com\/index.php?rest_route=\/wp\/v2\/users\/7"}],"replies":[{"embeddable":true,"href":"https:\/\/2horizontes.com\/index.php?rest_route=%2Fwp%2Fv2%2Fcomments&post=28594"}],"version-history":[{"count":1,"href":"https:\/\/2horizontes.com\/index.php?rest_route=\/wp\/v2\/posts\/28594\/revisions"}],"predecessor-version":[{"id":28596,"href":"https:\/\/2horizontes.com\/index.php?rest_route=\/wp\/v2\/posts\/28594\/revisions\/28596"}],"wp:featuredmedia":[{"embeddable":true,"href":"https:\/\/2horizontes.com\/index.php?rest_route=\/wp\/v2\/media\/28595"}],"wp:attachment":[{"href":"https:\/\/2horizontes.com\/index.php?rest_route=%2Fwp%2Fv2%2Fmedia&parent=28594"}],"wp:term":[{"taxonomy":"category","embeddable":true,"href":"https:\/\/2horizontes.com\/index.php?rest_route=%2Fwp%2Fv2%2Fcategories&post=28594"},{"taxonomy":"post_tag","embeddable":true,"href":"https:\/\/2horizontes.com\/index.php?rest_route=%2Fwp%2Fv2%2Ftags&post=28594"}],"curies":[{"name":"wp","href":"https:\/\/api.w.org\/{rel}","templated":true}]}}