{"id":28445,"date":"2015-10-15T12:00:11","date_gmt":"2015-10-15T11:00:11","guid":{"rendered":"http:\/\/2horizontes.com\/?p=28445"},"modified":"2015-10-15T12:00:11","modified_gmt":"2015-10-15T11:00:11","slug":"sociedad-civil-cubana-anuncia-foro-contra-el-bloqueo","status":"publish","type":"post","link":"https:\/\/2horizontes.com\/?p=28445","title":{"rendered":"Sociedad Civil cubana anuncia foro contra el bloqueo"},"content":{"rendered":"<p>LA HABANA.&#8211; La Asociaci\u00f3n Cubana de Naciones Unidas (ACNU) convoc\u00f3 hoy al XII Foro de organizaciones de la sociedad civil nacional contra el bloqueo estadounidense, que se celebrar\u00e1 el pr\u00f3ximo viernes.<\/p>\n<p>En la audiencia, que comenzar\u00e1 a las 9:00 hora local en el teatro del Ministerio de Salud P\u00fablica, en La Habana, los participantes reiterar\u00e1n su reclamo de que Estados Unidos ponga fin al cerco econ\u00f3mico, comercial y financiero que mantiene contra Cuba desde hace m\u00e1s de medio siglo.<\/p>\n<p>La convocatoria se\u00f1ala que esa pol\u00edtica norte\u00f1a es una violaci\u00f3n masiva, flagrante y sistem\u00e1tica de los derechos humanos de todos los cubanos, de los estadounidenses e incluso de ciudadanos de terceros pa\u00edses, y que por ello tiene que terminar.<\/p>\n<p>Su eliminaci\u00f3n es un acto de justicia y es nuestro derecho, por tal motivo la ACNU invita a proseguir iniciativas y acciones contra esa pol\u00edtica genocida y especialmente a movilizarse en las redes sociales, en particular en Twitter, a\u00f1ade el texto, que propone contactar con la etiqueta \u00absocivilCubaVsBloqueo\u00bb.<\/p>\n<p>Tambi\u00e9n sugiere acceder al tema a trav\u00e9s de Twitter: AcnuUnacuba y en Facebook: http:\/\/www.facebook.com\/AcnuCuba.<\/p>\n<p>Para hacer llegar la declaraci\u00f3n, las organizaciones de la sociedad civil deben remitirse al correo electr\u00f3nico acnu.org.cu, que acompa\u00f1ar\u00e1 a la declaraci\u00f3n final del Foro, explican los organizadores.<\/p>\n<p>Esa propuesta se entregar\u00e1 a la Canciller\u00eda para su divulgaci\u00f3n en la ONU, antes de someterse a votaci\u00f3n en la Asamblea General, el 27 de octubre, la resoluci\u00f3n titulada \u00abNecesidad de poner fin al bloqueo econ\u00f3mico, financiero y comercial impuesto por los Estados Unidos de Am\u00e9rica contra Cuba\u00bb.<\/p>\n<p>Agencia Xinhua<\/p>\n","protected":false},"excerpt":{"rendered":"<p>LA HABANA.&#8211; La Asociaci\u00f3n Cubana de Naciones Unidas (ACNU) convoc\u00f3 hoy al XII Foro de organizaciones de la sociedad civil nacional contra el bloqueo estadounidense, que se celebrar\u00e1 el pr\u00f3ximo viernes. En la audiencia, que comenzar\u00e1 a las 9:00 hora local en el teatro del Ministerio de Salud P\u00fablica, en La Habana, los participantes reiterar\u00e1n [&hellip;]<\/p>\n","protected":false},"author":7,"featured_media":28446,"comment_status":"open","ping_status":"open","sticky":false,"template":"","format":"standard","meta":{"footnotes":""},"categories":[49,63,40],"tags":[],"class_list":["post-28445","post","type-post","status-publish","format-standard","has-post-thumbnail","hentry","category-cuba","category-economia","category-internacionales"],"_links":{"self":[{"href":"https:\/\/2horizontes.com\/index.php?rest_route=\/wp\/v2\/posts\/28445","targetHints":{"allow":["GET"]}}],"collection":[{"href":"https:\/\/2horizontes.com\/index.php?rest_route=\/wp\/v2\/posts"}],"about":[{"href":"https:\/\/2horizontes.com\/index.php?rest_route=\/wp\/v2\/types\/post"}],"author":[{"embeddable":true,"href":"https:\/\/2horizontes.com\/index.php?rest_route=\/wp\/v2\/users\/7"}],"replies":[{"embeddable":true,"href":"https:\/\/2horizontes.com\/index.php?rest_route=%2Fwp%2Fv2%2Fcomments&post=28445"}],"version-history":[{"count":1,"href":"https:\/\/2horizontes.com\/index.php?rest_route=\/wp\/v2\/posts\/28445\/revisions"}],"predecessor-version":[{"id":28447,"href":"https:\/\/2horizontes.com\/index.php?rest_route=\/wp\/v2\/posts\/28445\/revisions\/28447"}],"wp:featuredmedia":[{"embeddable":true,"href":"https:\/\/2horizontes.com\/index.php?rest_route=\/wp\/v2\/media\/28446"}],"wp:attachment":[{"href":"https:\/\/2horizontes.com\/index.php?rest_route=%2Fwp%2Fv2%2Fmedia&parent=28445"}],"wp:term":[{"taxonomy":"category","embeddable":true,"href":"https:\/\/2horizontes.com\/index.php?rest_route=%2Fwp%2Fv2%2Fcategories&post=28445"},{"taxonomy":"post_tag","embeddable":true,"href":"https:\/\/2horizontes.com\/index.php?rest_route=%2Fwp%2Fv2%2Ftags&post=28445"}],"curies":[{"name":"wp","href":"https:\/\/api.w.org\/{rel}","templated":true}]}}