{"id":28412,"date":"2015-10-15T08:52:52","date_gmt":"2015-10-15T07:52:52","guid":{"rendered":"http:\/\/2horizontes.com\/?p=28412"},"modified":"2015-10-15T08:53:55","modified_gmt":"2015-10-15T07:53:55","slug":"bachelet-anuncia-el-inicio-de-un-largo-proceso-constituyente-en-chile","status":"publish","type":"post","link":"https:\/\/2horizontes.com\/?p=28412","title":{"rendered":"Bachelet anuncia el inicio de un largo proceso constituyente en Chile"},"content":{"rendered":"<p class=\"story-body__introduction\">La presidenta de Chile, Michelle Bachelet, anunci\u00f3 el lanzamiento del proceso para aprobar una nueva Constituci\u00f3n.<\/p>\n<p>En la campa\u00f1a electoral, una de las principales promesas de Bachelet era sustituir la actual constituci\u00f3n, redactada en tiempos de r\u00e9gimen militar.<\/p>\n<p><strong>Se espera que el proceso tome varios a\u00f1os.<\/strong><\/p>\n<p>El borrador final ser\u00e1 llevado a refer\u00e9ndum, seg\u00fan dijo Bachelet.<\/p>\n<p>Lee tambi\u00e9n: Por qu\u00e9 Bachelet quiere reemplazar ahora la Constituci\u00f3n que Chile hered\u00f3 de Pinochet<\/p>\n<h2 class=\"story-body__crosshead\">Nuevos tiempos<\/h2>\n<figure class=\"media-landscape has-caption full-width\"><span class=\"image-and-copyright-container\"><img loading=\"lazy\" decoding=\"async\" class=\"js-image-replace\" src=\"http:\/\/ichef.bbci.co.uk\/news\/ws\/624\/amz\/worldservice\/live\/assets\/images\/2015\/10\/15\/151015032119_sp_chile_624x351_getty_nocredit.jpg\" alt=\"Marcha por la Constituyentte\" width=\"624\" height=\"351\" \/>En marzo del siguiente a\u00f1o comenzar\u00e1 el \u00abdi\u00e1logo ciudadano\u00bb para la reforma.<\/span><\/figure>\n<p>La mandataria enfatiz\u00f3 que la actual constituci\u00f3n chilena tiene \u201csus or\u00edgenes en la dictadura y no refleja las necesidades de nuestros tiempos\u201d.<\/p>\n<p>La Constituci\u00f3n chilena, que aunque ha sido enmendada entr\u00f3 en vigor en tiempos del general Augusto Pinochet, da al Ejecutivo amplios poderes, como disolver la C\u00e1mara Baja.<\/p>\n<p>Muchos, incluida la presidenta, consideran que carece de legitimidad porque fue redactada por un peque\u00f1o grupo de adeptos al r\u00e9gimen.<\/p>\n<figure class=\"media-landscape has-caption body-narrow-width\"><span class=\"image-and-copyright-container\"><img loading=\"lazy\" decoding=\"async\" class=\"js-image-replace alignleft\" src=\"http:\/\/ichef-1.bbci.co.uk\/news\/ws\/304\/amz\/worldservice\/live\/assets\/images\/2015\/10\/15\/151015040517_congreeo_de_chile_304x171_reuters_nocredit.jpg\" alt=\"Congreso de Chile\" width=\"304\" height=\"171\" \/><\/span><figcaption class=\"media-caption\"><span class=\"media-caption__text\">La nueva propuesta constitucional deber\u00eda llegar al Congreso Nacional de Chile en 2017.<\/span><\/figcaption><\/figure>\n<p>Bachelet anunci\u00f3 el inicio de una campa\u00f1a de <strong>\u201ceducaci\u00f3n civil\u201d y anunci\u00f3 que para marzo del pr\u00f3ximo a\u00f1o se abrir\u00e1 \u201cun proceso de di\u00e1logo ciudadano\u201d<\/strong>.<\/p>\n<p>La presidenta espera que el resultado de ese proceso de di\u00e1logo finalice para octubre del a\u00f1o entrante.<\/p>\n<p><strong>Las propuesta de nueva Constituci\u00f3n deber\u00eda llegar al Congreso en 2017.<\/strong><\/p>\n<p>BBC<\/p>\n","protected":false},"excerpt":{"rendered":"<p>La presidenta de Chile, Michelle Bachelet, anunci\u00f3 el lanzamiento del proceso para aprobar una nueva Constituci\u00f3n. En la campa\u00f1a electoral, una de las principales promesas de Bachelet era sustituir la actual constituci\u00f3n, redactada en tiempos de r\u00e9gimen militar. Se espera que el proceso tome varios a\u00f1os. El borrador final ser\u00e1 llevado a refer\u00e9ndum, seg\u00fan dijo [&hellip;]<\/p>\n","protected":false},"author":4,"featured_media":25163,"comment_status":"open","ping_status":"open","sticky":false,"template":"","format":"standard","meta":{"footnotes":""},"categories":[84,43],"tags":[],"class_list":["post-28412","post","type-post","status-publish","format-standard","has-post-thumbnail","hentry","category-otras-noticias","category-politica"],"_links":{"self":[{"href":"https:\/\/2horizontes.com\/index.php?rest_route=\/wp\/v2\/posts\/28412","targetHints":{"allow":["GET"]}}],"collection":[{"href":"https:\/\/2horizontes.com\/index.php?rest_route=\/wp\/v2\/posts"}],"about":[{"href":"https:\/\/2horizontes.com\/index.php?rest_route=\/wp\/v2\/types\/post"}],"author":[{"embeddable":true,"href":"https:\/\/2horizontes.com\/index.php?rest_route=\/wp\/v2\/users\/4"}],"replies":[{"embeddable":true,"href":"https:\/\/2horizontes.com\/index.php?rest_route=%2Fwp%2Fv2%2Fcomments&post=28412"}],"version-history":[{"count":2,"href":"https:\/\/2horizontes.com\/index.php?rest_route=\/wp\/v2\/posts\/28412\/revisions"}],"predecessor-version":[{"id":28414,"href":"https:\/\/2horizontes.com\/index.php?rest_route=\/wp\/v2\/posts\/28412\/revisions\/28414"}],"wp:featuredmedia":[{"embeddable":true,"href":"https:\/\/2horizontes.com\/index.php?rest_route=\/wp\/v2\/media\/25163"}],"wp:attachment":[{"href":"https:\/\/2horizontes.com\/index.php?rest_route=%2Fwp%2Fv2%2Fmedia&parent=28412"}],"wp:term":[{"taxonomy":"category","embeddable":true,"href":"https:\/\/2horizontes.com\/index.php?rest_route=%2Fwp%2Fv2%2Fcategories&post=28412"},{"taxonomy":"post_tag","embeddable":true,"href":"https:\/\/2horizontes.com\/index.php?rest_route=%2Fwp%2Fv2%2Ftags&post=28412"}],"curies":[{"name":"wp","href":"https:\/\/api.w.org\/{rel}","templated":true}]}}