{"id":28356,"date":"2015-10-14T22:21:21","date_gmt":"2015-10-14T21:21:21","guid":{"rendered":"http:\/\/2horizontes.com\/?p=28356"},"modified":"2015-10-14T22:21:21","modified_gmt":"2015-10-14T21:21:21","slug":"raso-presenta-accion-de-amparo-ante-tsa-para-evitar-su-cancelacion-en-la-pn","status":"publish","type":"post","link":"https:\/\/2horizontes.com\/?p=28356","title":{"rendered":"Raso presenta acci\u00f3n de amparo ante TSA para evitar su cancelaci\u00f3n en la PN"},"content":{"rendered":"<p>RD-SANTO DOMINGO.- Daurin Mu\u00f1oz Mart\u00ednez, el raso que subi\u00f3 un video a las redes sociales quej\u00e1ndose por los sueldos de miseria de los polic\u00edas, present\u00f3 una acci\u00f3n de amparo preventivo por ante el Tribunal Superior Administrativo (TSA) con el fin de impedir su cancelaci\u00f3n como miembro de la Polic\u00eda Nacional.<\/p>\n<p>En la misma solicita al jefe este cuerpo, mayor general Nelson Peguero Paredes y a su vocero, general M\u00e1ximo B\u00e1ez Aybar, abstenerse de convocar, realizar, desarrollar o promover cualquier acci\u00f3n tendente a sancionarle, someterle, cancelarle o destituirle.<\/p>\n<p>El recurso, presentado por el abogado Miguel Sur\u00fan Hern\u00e1ndez,\u00a0 pide al TSA prescribir cualquier medida con miras a evitar la violaci\u00f3n de los derechos fundamentales de Mu\u00f1oz, como son la libertad de expresi\u00f3n e informaci\u00f3n.<\/p>\n<p>Propone que sean citados a comparecer por ante el tribunal al Jefe de la Polic\u00eda, Peguero Paredes, y otros oficiales.<\/p>\n<p><strong>Otros polic\u00edas \u201cse solidarizan\u201d<\/strong><\/p>\n<p>Mu\u00f1oz afirm\u00f3 que colegas suyos de diferentes niveles le han felicitado y \u201cse identifican con la causa\u201d pero no se atreven a manifestarse por temor a ser cancelados.<\/p>\n<p>Daurin Mu\u00f1oz, quien dice haberse graduado de periodista en la Universidad OyM y de locutor en la Escuela Otto Rivera, aclar\u00f3 que la idea de grabar dicho video surgi\u00f3 \u201cde una desesperaci\u00f3n\u201d y ratific\u00f3 que \u00e9l nunca imagin\u00f3 que el mismo se iba a convertir \u201cviral\u201d al ser colocado en You Tube ni que iba a lograr un impacto social de la forma en que lo logr\u00f3.<\/p>\n<p>Durante una entrevista concedida al comunicador Roberto Cavada y que fue difundida en Telesistema, dijo: \u00a0\u201cMe han felicitado, se tiran fotos conmigo, se identifican con la causa; lo que pasa es que no se atreven\u2026 por temor a ser cancelados\u201d.<\/p>\n<p>Agreg\u00f3 a seguidas que \u00e9l tambi\u00e9n teme ser expulsado del cuerpo del orden por la acci\u00f3n que ha cometido.<\/p>\n<p>Revel\u00f3 que tras ser detenido el viernes, tras la publicaci\u00f3n del video, fue despojado de su arma de reglamento y llevado a la Procuradur\u00eda General de la Rep\u00fablica donde fue interrogado por el Director de la Polic\u00eda Judicial, a la cual \u00e9l (Mu\u00f1oz) pertenece as\u00ed como por otros oficiales superiores, quienes le advirtieron que \u00e9l hab\u00eda cometido \u201cuna falta grande\u201d.\u00a0 El fue despachado alrededor de las 3:00 de la tarde del d\u00eda siguiente, sin que se le formularan cargos.<\/p>\n<p>El raso Mu\u00f1oz ha seguido laborando con normalidad en la Fiscal\u00eda del Distrito Nacional. \u00a0Sin embargo, el portavoz de la Polic\u00eda, general M\u00e1ximo B\u00e1ez Aybar, advirti\u00f3 que los miembros de la esta instituci\u00f3n \u00a0\u201cm\u00e1s all\u00e1 de querer hacernos carism\u00e1ticos o populares debemos tener en cuenta los lineamientos que rigen la conducta\u201d de los integrantes de esta instituci\u00f3n.<\/p>\n<p>\u201cTenemos que ser categ\u00f3ricos en ese sentido\u201d, B\u00e1ez Aybar acerca de la investigaci\u00f3n de la que es objeto el raso Mu\u00f1oz.<\/p>\n<p>\u201cSi bien el art\u00edculo 49, sobre libertad de expresi\u00f3n, especifica que ning\u00fan ciudadano debe de ser coercionado dentro de su libertad, tambi\u00e9n tenemos que acogernos a los lineamientos que dan raz\u00f3n de ser a la Polic\u00eda Nacional\u201d, agreg\u00f3.<\/p>\n<p>Resalt\u00f3 que \u201cdesde el a\u00f1o 2010 est\u00e1 contenido en la Constituci\u00f3n cu\u00e1l es la filosof\u00eda, el trabajo y el servicio que debe desarrollar nuestra\u00a0 instituci\u00f3n, en el sentido de que nosotros no somos deliberantes, entonces, la misma Constituci\u00f3n le otorga ese r\u00e9gimen especial a la Polic\u00eda y a los miembros de las Fuerzas Armadas que no es renunciable y que no vamos a permitir\u201d.<\/p>\n<p><strong>Comidilla en las redes sociales<\/strong><\/p>\n<p>Las im\u00e1genes del raso policial reclamando un mayor salario para los agentes y condenando el maltratado que, asegura, sufren los uniformados de por parte de sus superiores, se ha hecho popular en las redes sociales, donde la mayor\u00eda de los comentarios van dirigidos a manifestarle apoyo.<\/p>\n<p>\u201cEl hecho de que yo est\u00e9 portando este uniforme no quiere decir que soy un usurpador. Yo soy un raso de la gloriosa Polic\u00eda Nacional\u201d, dice Mu\u00f1oz al inicio del v\u00eddeo, para mostrar a seguidas el carn\u00e9 que le identifica como raso de esa instituci\u00f3n.<\/p>\n<p>Asimismo se pregunta: \u201c\u00bfC\u00f3mo es posible que el polic\u00eda tenga un sueldo cebolla, un sueldo cebolla es aquel que de solo verlo te dan ganas de llorar\u201d, agrega el agente, mientras extrae de su bolsillo izquierdo un recibo del Banco de Reservas con el que atestigua su salario mensual de 5.800 pesos.<\/p>\n<p>El polic\u00eda destaca que de los 5.800 pesos que gana al mes, paga 3.000 de alquiler de casa, \u201cy vayan ustedes a ver d\u00f3nde es que vivo\u201d, se lamenta.<\/p>\n<p>Mu\u00f1oz, adem\u00e1s, detall\u00f3 que paga otros 600 pesos al mes al colegio donde estudia su hijo, 1.100 pesos por una lata de leche para este, y RD$1.100 \u201cpara pagarlos en el colmado de papas, fideos y galleticas\u201d.<\/p>\n<p>\u201cSe\u00f1ores, un polic\u00eda arriesga su vida en un d\u00eda por 193 pesos. A 16 pesos la hora\u201d, expres\u00f3, para agregar: \u201centonces, es que ustedes tienen el \u2018macuteo\u2019 como un esquema de compensaci\u00f3n del polic\u00eda. \u00bfEl polic\u00eda no tiene derecho a comer?, \u00bfel polic\u00eda no tiene derecho a vestir ropa civil? y no tiene derecho a pagar un pasaje?; \u201centonces al polic\u00eda honesto que se lo lleve el diablo\u201d, declar\u00f3 el raso.<\/p>\n<p>En el v\u00eddeo, admite estar consciente de por su actitud est\u00e1 expuesto a sufrir 10 \u00f3 15 d\u00edas de arresto o hasta su despido.<\/p>\n<p>\u201cPorque la Polic\u00eda fue creada por (el exdictador Rafael Le\u00f3nidas) Trujillo en 1936 y si hay una instituci\u00f3n donde Trujillo vive en cuerpo y alma, es en la Polic\u00eda Nacional; vive en la mayor\u00eda de sus coroneles y generales\u201d, dijo Mu\u00f1oz.<\/p>\n","protected":false},"excerpt":{"rendered":"<p>RD-SANTO DOMINGO.- Daurin Mu\u00f1oz Mart\u00ednez, el raso que subi\u00f3 un video a las redes sociales quej\u00e1ndose por los sueldos de miseria de los polic\u00edas, present\u00f3 una acci\u00f3n de amparo preventivo por ante el Tribunal Superior Administrativo (TSA) con el fin de impedir su cancelaci\u00f3n como miembro de la Polic\u00eda Nacional. En la misma solicita al [&hellip;]<\/p>\n","protected":false},"author":8,"featured_media":28357,"comment_status":"open","ping_status":"open","sticky":false,"template":"","format":"standard","meta":{"footnotes":""},"categories":[44],"tags":[],"class_list":["post-28356","post","type-post","status-publish","format-standard","has-post-thumbnail","hentry","category-republica-dominicana"],"_links":{"self":[{"href":"https:\/\/2horizontes.com\/index.php?rest_route=\/wp\/v2\/posts\/28356","targetHints":{"allow":["GET"]}}],"collection":[{"href":"https:\/\/2horizontes.com\/index.php?rest_route=\/wp\/v2\/posts"}],"about":[{"href":"https:\/\/2horizontes.com\/index.php?rest_route=\/wp\/v2\/types\/post"}],"author":[{"embeddable":true,"href":"https:\/\/2horizontes.com\/index.php?rest_route=\/wp\/v2\/users\/8"}],"replies":[{"embeddable":true,"href":"https:\/\/2horizontes.com\/index.php?rest_route=%2Fwp%2Fv2%2Fcomments&post=28356"}],"version-history":[{"count":1,"href":"https:\/\/2horizontes.com\/index.php?rest_route=\/wp\/v2\/posts\/28356\/revisions"}],"predecessor-version":[{"id":28358,"href":"https:\/\/2horizontes.com\/index.php?rest_route=\/wp\/v2\/posts\/28356\/revisions\/28358"}],"wp:featuredmedia":[{"embeddable":true,"href":"https:\/\/2horizontes.com\/index.php?rest_route=\/wp\/v2\/media\/28357"}],"wp:attachment":[{"href":"https:\/\/2horizontes.com\/index.php?rest_route=%2Fwp%2Fv2%2Fmedia&parent=28356"}],"wp:term":[{"taxonomy":"category","embeddable":true,"href":"https:\/\/2horizontes.com\/index.php?rest_route=%2Fwp%2Fv2%2Fcategories&post=28356"},{"taxonomy":"post_tag","embeddable":true,"href":"https:\/\/2horizontes.com\/index.php?rest_route=%2Fwp%2Fv2%2Ftags&post=28356"}],"curies":[{"name":"wp","href":"https:\/\/api.w.org\/{rel}","templated":true}]}}