{"id":2832,"date":"2014-12-28T14:55:28","date_gmt":"2014-12-28T14:55:28","guid":{"rendered":"http:\/\/2horizontes.com\/?p=2832"},"modified":"2014-12-30T17:28:15","modified_gmt":"2014-12-30T17:28:15","slug":"la-embajada-de-la-republica-dominicana-en-espana-y-el-consulado-general-de-madrid-realizan-encuentro-para-la-organizacion-de-las-fiestas-patrias-en-el-pais-iberico","status":"publish","type":"post","link":"https:\/\/2horizontes.com\/?p=2832","title":{"rendered":"La Embajada de la Rep\u00fablica Dominicana en Espa\u00f1a y el Consulado General de Madrid, realizan encuentro para la organizaci\u00f3n de las Fiestas Patrias en el pa\u00eds ib\u00e9rico."},"content":{"rendered":"<p><a href=\"http:\/\/2horizontes.com\/wp-content\/uploads\/2014\/12\/wew.jpg\"><img loading=\"lazy\" decoding=\"async\" src=\"http:\/\/2horizontes.com\/wp-content\/uploads\/2014\/12\/wew-300x200.jpg\" alt=\"wew\" width=\"300\" height=\"200\" class=\"alignleft size-medium wp-image-2835\" srcset=\"https:\/\/2horizontes.com\/wp-content\/uploads\/2014\/12\/wew-300x200.jpg 300w, https:\/\/2horizontes.com\/wp-content\/uploads\/2014\/12\/wew-510x340.jpg 510w, https:\/\/2horizontes.com\/wp-content\/uploads\/2014\/12\/wew.jpg 960w\" sizes=\"auto, (max-width: 300px) 100vw, 300px\" \/><\/a><\/p>\n<p>Madrid, Espa\u00f1a.- Con el prop\u00f3sito de integrar  al colectivo dominicano en la celebraci\u00f3n del \u00abMes de la Dominicanidad 2015\u00bb, la  Embajada  Dominicana ante el Reino de Espa\u00f1a y el  Consulado General Dominicano en Madrid,  realizaron  el 26 de diciembre en el centro Hispano-Dominicano de esta ciudad, el segundo encuentro con el  Comit\u00e9 Operativo y representantes de las asociaciones y  de los partidos pol\u00edticos dominicanos radicados en Espa\u00f1a, para coordinar el proceso de organizaci\u00f3n  de las fiestas patrias en este pa\u00eds, a celebrarse del 21 de enero al 27 de febrero.<\/p>\n<p>La concurrida reuni\u00f3n estuvo encabezada por Santiago Rodr\u00edguez,  Ministro Consejero y  Encargado de Negocios a.i. de la Embajada; Juan Cuevas, C\u00f3nsul General; y V\u00edctor Ram\u00edrez, Agregado Cultural de la Embajada.<\/p>\n<p>En su intervenci\u00f3n, Santiago Rodr\u00edguez destac\u00f3 la importancia de  unir sinergias entre las asociaciones y la comunidad dominicanas radicadas en Espa\u00f1a, representantes pol\u00edticos, instituciones p\u00fablicas dominicanas y autoridades espa\u00f1olas, con la finalidad de garantizar unas celebraciones dentro del marco del Mes de la Dominicanidad, exitosas, donde reinen el orden, la alegr\u00eda y  la unidad de todos.<\/p>\n<p>De su parte, Juan Cuevas agradeci\u00f3 la presencia de los asistentes y destac\u00f3 entre los principales objetivos del mes de la dominicanidad, la revalorizaci\u00f3n de la identidad dominicana,  la integraci\u00f3n  de los criollos en el pa\u00eds de acogida y la  proyecci\u00f3n de la Rep\u00fablica Dominicana en el exterior. <\/p>\n<p>V\u00edctor Ram\u00edrez, quien tambi\u00e9n es el Presidente  del Comit\u00e9 Operativo para estas fiestas, condujo la reuni\u00f3n y present\u00f3 como punto de partida las propuestas surgidas de una primera reuni\u00f3n sostenida d\u00edas atr\u00e1s, y a la vez exhort\u00f3 a los convocados exponer sus puntos de vistas y  sugerencias,  de manera que cada uno se involucre para lograr una mayor participaci\u00f3n y unidad de todos los sectores implicados en la organizaci\u00f3n de las diversas actividades que se realizar\u00e1n durante el mes patrio.<\/p>\n<p>Entre los presentes, estuvieron miembros del Comit\u00e9 Operativo, compuesto por Clara Morel, Patricia Faxas y Virginia Serrulle, Ministra Consejera y Consejeras  de las Embajada, respectivamente; y Dolquisa  Olivarez, enlace del Consulado Dominicano en Madrid. Tambi\u00e9n asistieron Julio Cesar  Vargas (Vevo), Norbeto Azor,  Doris Ara\u00fajo y H\u00e9ctor Rafael Batista, as\u00ed como Margaret Cipri\u00e1n, en representaci\u00f3n del Director del Centro Hispano-Dominicano, Ra\u00fal Jim\u00e9nez, entre otros.<\/p>\n<p>Con el eslogan \u00abLa Diferencia nos hace \u00fanicos\u201d, la celebraci\u00f3n del Mes de la Dominicanidad 2015 promete ser un reencuentro  con la diversidad cultural del pa\u00eds caribe\u00f1o, un espacio de integraci\u00f3n, as\u00ed  como la proyecci\u00f3n de la marca  pa\u00eds en Espa\u00f1a.<\/p>\n","protected":false},"excerpt":{"rendered":"<p>Madrid, Espa\u00f1a.- Con el prop\u00f3sito de integrar al colectivo dominicano en la celebraci\u00f3n del \u00abMes de la Dominicanidad 2015\u00bb, la Embajada Dominicana ante el Reino de Espa\u00f1a y el Consulado General Dominicano en Madrid, realizaron el 26 de diciembre en el centro Hispano-Dominicano de esta ciudad, el segundo encuentro con el Comit\u00e9 Operativo y representantes [&hellip;]<\/p>\n","protected":false},"author":1,"featured_media":0,"comment_status":"open","ping_status":"open","sticky":false,"template":"","format":"standard","meta":{"footnotes":""},"categories":[1],"tags":[],"class_list":["post-2832","post","type-post","status-publish","format-standard","hentry","category-entretenimiento"],"_links":{"self":[{"href":"https:\/\/2horizontes.com\/index.php?rest_route=\/wp\/v2\/posts\/2832","targetHints":{"allow":["GET"]}}],"collection":[{"href":"https:\/\/2horizontes.com\/index.php?rest_route=\/wp\/v2\/posts"}],"about":[{"href":"https:\/\/2horizontes.com\/index.php?rest_route=\/wp\/v2\/types\/post"}],"author":[{"embeddable":true,"href":"https:\/\/2horizontes.com\/index.php?rest_route=\/wp\/v2\/users\/1"}],"replies":[{"embeddable":true,"href":"https:\/\/2horizontes.com\/index.php?rest_route=%2Fwp%2Fv2%2Fcomments&post=2832"}],"version-history":[{"count":1,"href":"https:\/\/2horizontes.com\/index.php?rest_route=\/wp\/v2\/posts\/2832\/revisions"}],"predecessor-version":[{"id":2836,"href":"https:\/\/2horizontes.com\/index.php?rest_route=\/wp\/v2\/posts\/2832\/revisions\/2836"}],"wp:attachment":[{"href":"https:\/\/2horizontes.com\/index.php?rest_route=%2Fwp%2Fv2%2Fmedia&parent=2832"}],"wp:term":[{"taxonomy":"category","embeddable":true,"href":"https:\/\/2horizontes.com\/index.php?rest_route=%2Fwp%2Fv2%2Fcategories&post=2832"},{"taxonomy":"post_tag","embeddable":true,"href":"https:\/\/2horizontes.com\/index.php?rest_route=%2Fwp%2Fv2%2Ftags&post=2832"}],"curies":[{"name":"wp","href":"https:\/\/api.w.org\/{rel}","templated":true}]}}