{"id":28307,"date":"2015-10-14T20:25:30","date_gmt":"2015-10-14T19:25:30","guid":{"rendered":"http:\/\/2horizontes.com\/?p=28307"},"modified":"2015-10-14T20:25:30","modified_gmt":"2015-10-14T19:25:30","slug":"investigacion-del-banco-peravia-vincula-al-exdirector-de-la-oisoe-en-hechos-graves-rd","status":"publish","type":"post","link":"https:\/\/2horizontes.com\/?p=28307","title":{"rendered":"Investigaci\u00f3n del Banco Peravia vincula al exdirector de la OISOE en \u201chechos graves\u201d RD"},"content":{"rendered":"<p>RD- SANTO DOMINGO-La fiscal del Distrito Nacional dijo este mi\u00e9rcoles que las investigaciones del caso de la quiebra del Banco Peravia involucran \u201cen hechos graves\u201d al exdirector de la Oficina de Ingenieros Supervisores de Obras del Estado -OISOE-, Miguel Pimentel Kareh.<\/p>\n<p>\u201cHay una investigaci\u00f3n importante que lo relaciona a hechos graves en el caso Banco Peravia. En varias modalidades que prefiero no detallar en estos momentos\u201d, pero que \u201cs\u00ed es contraria a su argumento de defensa\u201d, expres\u00f3 Berenice Reynoso.<\/p>\n<p>La fiscal se\u00f1al\u00f3 que no es cierto que el exfuncionario sea una de las personas perjudicadas con la quiebra de la entidad como ha dicho.<\/p>\n<p>\u201cEsa es su opini\u00f3n y esa es su defensa, la investigaci\u00f3n no dice eso, pero esa es su defensa\u201d refiri\u00f3 Yeni Berenice Reynoso respecto a las declaraciones del exfuncionario de la Oficina de Ingenieros Supervisores de Obras del Estado, donde se\u00f1ala que \u00e9l era una agraviado en el caso de la quiebra del Banco Peravia.<\/p>\n<p>Pimentel Kareh a su salida del despacho de la Procuradur\u00eda Especializada de Persecuci\u00f3n de la Corrupci\u00f3n Administrativa (Pepca), donde fue interrogado el lunes por su supuesta vinculaci\u00f3n a la red de mafia, estafa y extorsi\u00f3n que supuestamente opera desde la OISOE, expres\u00f3 que es una v\u00edctima, un perjudicado, un afectado por los principales ejecutivos de la quebrada entidad financiera.<\/p>\n<p>La fiscal del Distrito expres\u00f3 que el exfuncionario es un objetivo de investigaci\u00f3n del caso y que no tiene contemplado citarlo para ser interrogado al respecto.<\/p>\n<p>&nbsp;<\/p>\n","protected":false},"excerpt":{"rendered":"<p>RD- SANTO DOMINGO-La fiscal del Distrito Nacional dijo este mi\u00e9rcoles que las investigaciones del caso de la quiebra del Banco Peravia involucran \u201cen hechos graves\u201d al exdirector de la Oficina de Ingenieros Supervisores de Obras del Estado -OISOE-, Miguel Pimentel Kareh. \u201cHay una investigaci\u00f3n importante que lo relaciona a hechos graves en el caso Banco [&hellip;]<\/p>\n","protected":false},"author":8,"featured_media":28315,"comment_status":"open","ping_status":"open","sticky":false,"template":"","format":"standard","meta":{"footnotes":""},"categories":[44],"tags":[],"class_list":["post-28307","post","type-post","status-publish","format-standard","has-post-thumbnail","hentry","category-republica-dominicana"],"_links":{"self":[{"href":"https:\/\/2horizontes.com\/index.php?rest_route=\/wp\/v2\/posts\/28307","targetHints":{"allow":["GET"]}}],"collection":[{"href":"https:\/\/2horizontes.com\/index.php?rest_route=\/wp\/v2\/posts"}],"about":[{"href":"https:\/\/2horizontes.com\/index.php?rest_route=\/wp\/v2\/types\/post"}],"author":[{"embeddable":true,"href":"https:\/\/2horizontes.com\/index.php?rest_route=\/wp\/v2\/users\/8"}],"replies":[{"embeddable":true,"href":"https:\/\/2horizontes.com\/index.php?rest_route=%2Fwp%2Fv2%2Fcomments&post=28307"}],"version-history":[{"count":2,"href":"https:\/\/2horizontes.com\/index.php?rest_route=\/wp\/v2\/posts\/28307\/revisions"}],"predecessor-version":[{"id":28316,"href":"https:\/\/2horizontes.com\/index.php?rest_route=\/wp\/v2\/posts\/28307\/revisions\/28316"}],"wp:featuredmedia":[{"embeddable":true,"href":"https:\/\/2horizontes.com\/index.php?rest_route=\/wp\/v2\/media\/28315"}],"wp:attachment":[{"href":"https:\/\/2horizontes.com\/index.php?rest_route=%2Fwp%2Fv2%2Fmedia&parent=28307"}],"wp:term":[{"taxonomy":"category","embeddable":true,"href":"https:\/\/2horizontes.com\/index.php?rest_route=%2Fwp%2Fv2%2Fcategories&post=28307"},{"taxonomy":"post_tag","embeddable":true,"href":"https:\/\/2horizontes.com\/index.php?rest_route=%2Fwp%2Fv2%2Ftags&post=28307"}],"curies":[{"name":"wp","href":"https:\/\/api.w.org\/{rel}","templated":true}]}}