{"id":28289,"date":"2015-10-14T19:54:46","date_gmt":"2015-10-14T18:54:46","guid":{"rendered":"http:\/\/2horizontes.com\/?p=28289"},"modified":"2015-10-14T19:54:46","modified_gmt":"2015-10-14T18:54:46","slug":"medina-y-martelly-establecen-6-puntos-de-entendimiento-pero-veda-sigue","status":"publish","type":"post","link":"https:\/\/2horizontes.com\/?p=28289","title":{"rendered":"Medina y Martelly establecen 6 puntos de entendimiento, pero veda sigue"},"content":{"rendered":"<p><strong>RD-Barahona.-<\/strong>\u00a0Los gobiernos y empresarios de Rep\u00fablica Dominicana y Hait\u00ed trabajar\u00e1n juntos para superar las diferencias, siguiendo un acuerdo de seis puntos de mutuo inter\u00e9s al que arribaron ayer, como resultado del encuentro que sostuvieron el presidente dominicano Danilo Medina y su hom\u00f3logo haitiano, Michel Martelly, el cual se extendi\u00f3 por m\u00e1s de cuatro horas y media.<\/p>\n<p>Luego de la reuni\u00f3n, celebrada en el aeropuerto Mar\u00eda Montez de la provincia de Barahona, los ministros de Relaciones Exteriores de Rep\u00fablica Dominicana, Andr\u00e9s Navarro y de Asuntos Extranjeros de Hait\u00ed, Stephanie Balmir Villedrouin, leyeron el documento con los temas consensuados, entre los que figuran mejorar los intercambios comerciales y normalizar el transporte terrestre de mercanc\u00edas entre ambos pa\u00edses, para lo cual se efectuar\u00e1 una reuni\u00f3n en Puerto Pr\u00edncipe en los pr\u00f3ximos 15 d\u00edas.<\/p>\n<p><strong>Iniciativa Quisqueya<\/strong><\/p>\n<p>Otros puntos acordados incluyen una visita de trabajo del presidente Danilo Medina a Puerto Pr\u00edncipe, el impulso de la iniciativa Quisqueya que involucra a los sectores privados de las dos naciones y el mantenimiento de comunicaci\u00f3n y coordinaci\u00f3n constante para armonizar el proceso de repatriaci\u00f3n de ciudadanos en situaci\u00f3n migratoria irregular.<\/p>\n<p>Del mismo modo, el nombramiento de un nuevo embajador haitiano en territorio dominicano y el retorno del embajador dominicano a la misi\u00f3n en Hait\u00ed, as\u00ed como la reactivaci\u00f3n de los trabajos de la Comisi\u00f3n Mixta Bilateral.<\/p>\n<p>Gustavo Montalvo, ministro de la Presidencia de la Rep\u00fablica Dominicana, y Stephanie B. Villedrouin, ministra de Turismo de Hait\u00ed, en funciones de Canciller, fueron designados para dar seguimiento a estos puntos y garantizar la coordinaci\u00f3n de las relaciones entre los dos pa\u00edses.<\/p>\n<p><strong>Comisiones<br \/>\n<\/strong><br \/>\nEn el encuentro, acompa\u00f1aron al presidente Danilo Medina los ministros de la Presidencia, Gustavo Montalvo; de Hacienda, Sim\u00f3n Lizardo; de Industria y Comercio, Jos\u00e9 del Castillo; de Agricultura, \u00c1ngel Est\u00e9vez, y de Interior y Polic\u00eda, Jos\u00e9 Ram\u00f3n Fadul.<\/p>\n<p>Adem\u00e1s, los directores generales de Aduanas, Fernando Fern\u00e1ndez; de Migraci\u00f3n, mayor general Rub\u00e9n Dar\u00edo Paulino Sem; el embajador dominicano en Hait\u00ed, Rub\u00e9n Sili\u00e9; el portavoz del Gobierno, Roberto Rodr\u00edguez Marchena, as\u00ed como los asistentes del presidente Danilo Medina, Carlos Pared P\u00e9rez y Robert de la Cruz.<\/p>\n<p>Mientras, el presidente haitiano Michel Martelly estuvo acompa\u00f1ado de los ministros de Econom\u00eda y Finanzas, Wilson Lalau; de Comercio e Industria, Jude Herv\u00e9day; de Interior, Ardouin Zephirin y de Comunicaci\u00f3n, Mario Dupuis.<\/p>\n<p>Igualmente, del secretario de Estado de la Producci\u00f3n Animal, Michel Chancy; la encargada de Negocios, interina, Magaly Jeanty Magloire; la jefa de gabinete del Ministerio de Asuntos Extranjeros interina, Madelaine Fils-Aime; el consejero del Ministro de Asuntos Extranjeros, Romeo Halloun; la secretaria t\u00e9cnica de la Comisi\u00f3n Mixta Bilateral, Regine Lamur y el director de Asuntos Dom\u00ednico\u2013Haitianos, Idalbert Pierre Jean.<\/p>\n<p>Tambi\u00e9n formaron parte de la delegaci\u00f3n haitiana, el jefe del gabinete del Ministerio de Comunicaci\u00f3n, Israel Jacky Cantave, y el presidente y miembro de la Comisi\u00f3n T\u00e9cnica para las Zonas Fronterizas, Max Antoine y Marc Kernisan, respectivamente.<\/p>\n<p><strong>Declaraci\u00f3n conjunta de reuni\u00f3n bilateral<\/strong><\/p>\n<p>El presidente de la Rep\u00fablica Dominicana, Danilo Medina, y el presidente de Hait\u00ed, Michel Martelly, reunidos en Barahona con la intenci\u00f3n de fortalecer el di\u00e1logo binacional, establecieron seis puntos de entendimiento:<\/p>\n<p>1. En cuanto a los asuntos comerciales, ambos pa\u00edses acordaron que en los pr\u00f3ximos 15 d\u00edas se reunir\u00e1n en Puerto Pr\u00edncipe los ministros de industria y comercio y de finanzas de ambos pa\u00edses, los directores de aduanas, representantes del sector empresarial de ambos pa\u00edses y los embajadores de la Uni\u00f3n Europea, como instancia internacional.<\/p>\n<p>El objetivo de este encuentro ser\u00e1 llegar a un acuerdo que permita mejorar los intercambios comerciales, as\u00ed como normalizar el transporte terrestre de mercanc\u00edas entre ambos pa\u00edses.<\/p>\n<p>Ambas partes decidieron invitar a t\u00e9cnicos de la Organizaci\u00f3n Mundial de Comercio (OMC), para que sean testigos de este proceso y, cuando se llegue a un acuerdo, notificarlo a la pr\u00f3xima reuni\u00f3n del Comit\u00e9 de Mercanc\u00edas de dicho organismo. Asimismo, se comprometieron a poner en vigencia el acuerdo de aduanas que fue firmado en el marco del Di\u00e1logo Bilateral de Alto Nivel, que incluye la asistencia t\u00e9cnica e intercambio de informaci\u00f3n entre ambos sistemas aduaneros.<\/p>\n<p>2. Adem\u00e1s el presidente Medina realizar\u00e1 una visita de trabajo a Puerto Pr\u00edncipe y aprovechar\u00e1 esa ocasi\u00f3n para estar presente en una pr\u00f3xima firma de los acuerdos.<\/p>\n<p>3. Ambos gobiernos estuvieron de acuerdo en apoyar la iniciativa Quisqueya, impulsada por los sectores privados de los dos pa\u00edses. Esta iniciativa incluye la realizaci\u00f3n de varios proyectos binacionales con capital privado.<\/p>\n<p>4. Ambos gobiernos acordaron tambi\u00e9n continuar la comunicaci\u00f3n y coordinaci\u00f3n permanente, para una mejor armonizaci\u00f3n del proceso de repatriaci\u00f3n de ciudadanos en situaci\u00f3n migratoria irregular.<\/p>\n<p>5. Asimismo, se decidi\u00f3 que el Gobierno haitiano enviar\u00e1 un nuevo embajador a la Rep\u00fablica Dominicana en los pr\u00f3ximos d\u00edas. Al mismo tiempo, el Gobierno dominicano har\u00e1 retornar al embajador Rub\u00e9n Sili\u00e9 a territorio haitiano.<\/p>\n<p>6. El sexto punto fue reactivar los trabajos de la Comisi\u00f3n Mixta Bilateral. Con este objetivo, ambos pa\u00edses se comprometen a convocar una reuni\u00f3n t\u00e9cnica semanal de la Comisi\u00f3n, para garantizar el seguimiento de los acuerdos firmados.<\/p>\n<p>Finalmente, el ministro de la Presidencia de la Rep\u00fablica Dominicana, Gustavo Montalvo, y la ministra de turismo de Hait\u00ed, Stephanie B. Villedrouin, en funciones de Canciller, fueron designados para dar seguimiento a estos puntos y para garantizar la coordinaci\u00f3n de las relaciones entre los dos pa\u00edses.<\/p>\n<p><strong>Haitianos reclaman destituci\u00f3n de c\u00f3nsul\u00a0<\/strong><\/p>\n<p>Un grupo de haitianos residentes en la provincia Barahona se apostaron a las afueras del aeropuerto Mar\u00eda Montez, donde se realizaba la reuni\u00f3n binacional de alto nivel, para solicitar la destituci\u00f3n del c\u00f3nsul Philippe Breunet.<\/p>\n<p>Los manifestantes mostraron pancartas en creole donde le exigen al presidente de Hait\u00ed , Michel Martelly, que cambie al c\u00f3nsul en la provincia. El vocero de la protesta, Jos\u00e9 Silvestre, denunci\u00f3 que el diplom\u00e1tico no hace gestiones por sus connacionales y asever\u00f3 que les cobra 100 d\u00f3lares por gestionar el pasaporte y que despu\u00e9s que pagan no se los entregan. \u201cQueremos que lo cambien porque no ha hecho nada\u201d, dijo. Denunci\u00f3 que el Gobierno haitiano ha sido ineficiente en las gestiones para identificar a sus ciudadanos.<\/p>\n<p>&nbsp;<\/p>\n","protected":false},"excerpt":{"rendered":"<p>RD-Barahona.-\u00a0Los gobiernos y empresarios de Rep\u00fablica Dominicana y Hait\u00ed trabajar\u00e1n juntos para superar las diferencias, siguiendo un acuerdo de seis puntos de mutuo inter\u00e9s al que arribaron ayer, como resultado del encuentro que sostuvieron el presidente dominicano Danilo Medina y su hom\u00f3logo haitiano, Michel Martelly, el cual se extendi\u00f3 por m\u00e1s de cuatro horas y [&hellip;]<\/p>\n","protected":false},"author":8,"featured_media":28299,"comment_status":"open","ping_status":"open","sticky":false,"template":"","format":"standard","meta":{"footnotes":""},"categories":[47,43,53,44],"tags":[],"class_list":["post-28289","post","type-post","status-publish","format-standard","has-post-thumbnail","hentry","category-haiti","category-politica","category-provincias","category-republica-dominicana"],"_links":{"self":[{"href":"https:\/\/2horizontes.com\/index.php?rest_route=\/wp\/v2\/posts\/28289","targetHints":{"allow":["GET"]}}],"collection":[{"href":"https:\/\/2horizontes.com\/index.php?rest_route=\/wp\/v2\/posts"}],"about":[{"href":"https:\/\/2horizontes.com\/index.php?rest_route=\/wp\/v2\/types\/post"}],"author":[{"embeddable":true,"href":"https:\/\/2horizontes.com\/index.php?rest_route=\/wp\/v2\/users\/8"}],"replies":[{"embeddable":true,"href":"https:\/\/2horizontes.com\/index.php?rest_route=%2Fwp%2Fv2%2Fcomments&post=28289"}],"version-history":[{"count":1,"href":"https:\/\/2horizontes.com\/index.php?rest_route=\/wp\/v2\/posts\/28289\/revisions"}],"predecessor-version":[{"id":28300,"href":"https:\/\/2horizontes.com\/index.php?rest_route=\/wp\/v2\/posts\/28289\/revisions\/28300"}],"wp:featuredmedia":[{"embeddable":true,"href":"https:\/\/2horizontes.com\/index.php?rest_route=\/wp\/v2\/media\/28299"}],"wp:attachment":[{"href":"https:\/\/2horizontes.com\/index.php?rest_route=%2Fwp%2Fv2%2Fmedia&parent=28289"}],"wp:term":[{"taxonomy":"category","embeddable":true,"href":"https:\/\/2horizontes.com\/index.php?rest_route=%2Fwp%2Fv2%2Fcategories&post=28289"},{"taxonomy":"post_tag","embeddable":true,"href":"https:\/\/2horizontes.com\/index.php?rest_route=%2Fwp%2Fv2%2Ftags&post=28289"}],"curies":[{"name":"wp","href":"https:\/\/api.w.org\/{rel}","templated":true}]}}