{"id":28210,"date":"2015-10-14T09:35:40","date_gmt":"2015-10-14T08:35:40","guid":{"rendered":"http:\/\/2horizontes.com\/?p=28210"},"modified":"2015-10-14T09:35:40","modified_gmt":"2015-10-14T08:35:40","slug":"sanchez-propondra-una-reforma-fiscal-que-beneficie-a-las-clases-medias","status":"publish","type":"post","link":"https:\/\/2horizontes.com\/?p=28210","title":{"rendered":"S\u00e1nchez propondr\u00e1 una reforma fiscal que beneficie a las clases medias"},"content":{"rendered":"<p>Si Pedro S\u00e1nchez, el l\u00edder del PSOE, gobierna a partir de 2016 har\u00e1 uso \u00abal m\u00e1ximo\u00bb de las posibilidades de flexibilidad que ofrece la Uni\u00f3n Europea para negociar \u00abuna senda gradual\u00bb para cumplir los objetivos de d\u00e9ficit.<\/p>\n<p>Si el resultado de las elecciones generales del pr\u00f3ximo 20 de diciembre le permite llegar a La Moncloa, S\u00e1nchez asegura que mantendr\u00e1 un firme compromiso con la estabilidad presupuestaria.<\/p>\n<p>Al tiempo, el PSOE se comprometer\u00e1 a aprobar reformas estructurales de calado que incorporen una reforma fiscal sin subida de impuestos a las clases medias y trabajadoras, pero que gravar\u00e1 la riqueza. Adem\u00e1s, pondr\u00e1 en marcha nuevos tributos y reforzar\u00e1 la persecuci\u00f3n del fraude fiscal.<\/p>\n<p>El PSOE presentar\u00e1 la pr\u00f3xima semana el borrador de una parte relevante de su programa econ\u00f3mico, cuya coordinaci\u00f3n ha dejado S\u00e1nchez en manos del exministro socialista Jordi Sevilla y del responsable federal de Econom\u00eda, Manuel de la Rocha V\u00e1zquez.<\/p>\n<p>Las l\u00edneas de actuaci\u00f3n del partido a partir de enero de 2016, si consigue gobernar, empezar\u00e1n por \u00abentablar una negociaci\u00f3n con Bruselas\u00bb con el uso de los mecanismos de flexibilidad para dise\u00f1ar una \u00absenda gradual de ajuste\u00bb para el cumplimiento del d\u00e9ficit, seg\u00fan fuentes conocedoras del borrador.<\/p>\n<p>Las reformas estructurales que un eventual Gobierno socialista ofrecer\u00e1 a la Comisi\u00f3n Europea mostrar\u00e1n la viabilidad de su proyecto, junto a \u00abun reequilibrio de ingresos y gastos\u00bb, seg\u00fan fuentes del partido.<\/p>\n<p>Las nuevas medidas tributarias que incorporar\u00eda ese Ejecutivo, junto con la lucha contra el fraude, permitir\u00edan que el cumplimiento del d\u00e9ficit fuese un hecho, seg\u00fan los expertos socialistas.<\/p>\n<p>Antes de ofrecer una propuesta a Bruselas, el partido socialista afirma que estudiar\u00e1 exhaustivamente la situaci\u00f3n de la econom\u00eda espa\u00f1ola, por miedo a encontrarse con \u00abuna contabilidad creativa\u00bb, lo que supondr\u00eda \u00abun gran disgusto\u00bb, seg\u00fan fuentes del equipo econ\u00f3mico de S\u00e1nchez.<\/p>\n<p>Cuando el Gobierno de Mariano Rajoy tom\u00f3 el relevo del socialista Jos\u00e9 Luis Rodr\u00edguez Zapatero en diciembre de 2011, asegur\u00f3 que se hab\u00eda encontrado con un d\u00e9ficit que no esperaba. Esa discusi\u00f3n se ha prolongado durante toda la legislatura.<\/p>\n<p>Una de las primeras medidas del Ejecutivo de Rajoy, nada m\u00e1s tomar posesi\u00f3n, fue aprobar el mayor recorte de recorte de gasto p\u00fablico de la democracia en una sola tacada (8.900 millones de euros) y subir los impuestos.<\/p>\n<p>El PP, que sostuvo durante aquella campa\u00f1a electoral que no subir\u00eda impuestos, justific\u00f3 estas medidas en la herencia recibida de Zapatero.<\/p>\n","protected":false},"excerpt":{"rendered":"<p>Si Pedro S\u00e1nchez, el l\u00edder del PSOE, gobierna a partir de 2016 har\u00e1 uso \u00abal m\u00e1ximo\u00bb de las posibilidades de flexibilidad que ofrece la Uni\u00f3n Europea para negociar \u00abuna senda gradual\u00bb para cumplir los objetivos de d\u00e9ficit. Si el resultado de las elecciones generales del pr\u00f3ximo 20 de diciembre le permite llegar a La Moncloa, [&hellip;]<\/p>\n","protected":false},"author":3,"featured_media":28211,"comment_status":"open","ping_status":"open","sticky":false,"template":"","format":"standard","meta":{"footnotes":""},"categories":[85,43],"tags":[],"class_list":["post-28210","post","type-post","status-publish","format-standard","has-post-thumbnail","hentry","category-espana","category-politica"],"_links":{"self":[{"href":"https:\/\/2horizontes.com\/index.php?rest_route=\/wp\/v2\/posts\/28210","targetHints":{"allow":["GET"]}}],"collection":[{"href":"https:\/\/2horizontes.com\/index.php?rest_route=\/wp\/v2\/posts"}],"about":[{"href":"https:\/\/2horizontes.com\/index.php?rest_route=\/wp\/v2\/types\/post"}],"author":[{"embeddable":true,"href":"https:\/\/2horizontes.com\/index.php?rest_route=\/wp\/v2\/users\/3"}],"replies":[{"embeddable":true,"href":"https:\/\/2horizontes.com\/index.php?rest_route=%2Fwp%2Fv2%2Fcomments&post=28210"}],"version-history":[{"count":1,"href":"https:\/\/2horizontes.com\/index.php?rest_route=\/wp\/v2\/posts\/28210\/revisions"}],"predecessor-version":[{"id":28212,"href":"https:\/\/2horizontes.com\/index.php?rest_route=\/wp\/v2\/posts\/28210\/revisions\/28212"}],"wp:featuredmedia":[{"embeddable":true,"href":"https:\/\/2horizontes.com\/index.php?rest_route=\/wp\/v2\/media\/28211"}],"wp:attachment":[{"href":"https:\/\/2horizontes.com\/index.php?rest_route=%2Fwp%2Fv2%2Fmedia&parent=28210"}],"wp:term":[{"taxonomy":"category","embeddable":true,"href":"https:\/\/2horizontes.com\/index.php?rest_route=%2Fwp%2Fv2%2Fcategories&post=28210"},{"taxonomy":"post_tag","embeddable":true,"href":"https:\/\/2horizontes.com\/index.php?rest_route=%2Fwp%2Fv2%2Ftags&post=28210"}],"curies":[{"name":"wp","href":"https:\/\/api.w.org\/{rel}","templated":true}]}}