{"id":2818,"date":"2014-12-12T12:14:34","date_gmt":"2014-12-12T12:14:34","guid":{"rendered":"http:\/\/2horizontes.com\/?p=2818"},"modified":"2014-12-12T12:14:34","modified_gmt":"2014-12-12T12:14:34","slug":"la-deuda-publica-marca-records-en-la-mayoria-de-las-comunidades-espanolas","status":"publish","type":"post","link":"https:\/\/2horizontes.com\/?p=2818","title":{"rendered":"La deuda p\u00fablica marca r\u00e9cords en la mayor\u00eda de las comunidades Espa\u00f1olas."},"content":{"rendered":"<p>La deuda p\u00fablica ha marcado nuevos r\u00e9cords en Espa\u00f1a en el tercer trimestre, seg\u00fan los datos detallados que ha publicado hoy el Banco de Espa\u00f1a y que, en lo relativo al total de deuda, confirman los datos publicados el mes pasado. Las nuevas cifras ofrecen el desglose por comunidades aut\u00f3nomas y muestran que la mayor\u00eda de ellas baten sus r\u00e9cords de endeudamiento. Lo m\u00e1s preocupante es que algunas comunidades que m\u00e1s elevan su deuda son precisamente las m\u00e1s endeudadas.<\/p>\n<p>Con datos de cierre del tercer trimestre publicados hoy por el Banco de Espa\u00f1a, la deuda de las comunidades aut\u00f3nomas marca un r\u00e9cord de 232.009 millones, lo que equivale a un 22% del producto interior bruto (PIB) espa\u00f1ol. Las comunidades m\u00e1s endeudadas son la Valenciana, con una deuda del 35,8% de su PIB, la de Castilla-La Mancha, con un 33,7%, y Catalu\u00f1a, con un 31,8%. La Comunidad Valenciana aumenta su deuda en un punto en el tercer trimestre de este a\u00f1o y en 5,5 puntos en el \u00faltimo a\u00f1o y Catalu\u00f1a en 0,6 puntos en el trimestre y en 4 puntos en 12 meses. las menos endeudadas son Madrid (13,3%), Canarias (13,8%) y Pa\u00eds Vasco (14,1%).<\/p>\n<p>En t\u00e9rminos absolutos, seg\u00fan los datos publicados hoy, la deuda p\u00fablica marca r\u00e9cords en Andaluc\u00eda, Asturias, Baleares, Canarias, Cantabria, Castilla-La Mancha, Catalu\u00f1a, Extremadura, La Rioja, madrid, Murcia y la Comunidad Valenciana. Solo reducen su deuda desde m\u00e1ximos Arag\u00f3n, Galicia, Navarra y Pa\u00eds Vasco, comunidades en las que el pasivo se situaba ya por debajo de la media.<\/p>\n<p>Por lo dem\u00e1s, los datos del Banco de Espa\u00f1a confirman que la deuda del conjunto de las administraciones p\u00fablicas creci\u00f3 el 6,13% en el tercer trimestre de 2014 y alcanz\u00f3 un r\u00e9cord de1,020 billones de euros, tal y como se public\u00f3 hace casi un mes. lo que equivale al 96,8% del PIB, otro m\u00e1ximo en m\u00e1s de un siglo.<\/p>\n<p>De acuerdo con los datos publicados hoy por el Banco de Espa\u00f1a, la deuda de la administraci\u00f3n central se increment\u00f3 el 7 % (hasta 891.936 millones, equivalentes al 84,6 % del PIB), la de las comunidades aut\u00f3nomas aument\u00f3 el 16,15 % (hasta 232.009 millones, equivalentes al 22 % del PIB) y la de los ayuntamientos baj\u00f3 el 6,7 % (hasta 40.781 millones, equivalentes al 3,9 % del PIB). Mientras, la deuda de la Seguridad Social est\u00e1 en 17.200 millones de euros, algo superior a hace un a\u00f1o, cuando se situ\u00f3 en 17.190.<\/p>\n<p>C\u00e1mbiate a la Cuenta N\u00d3MINA de ING DIRECT<\/p>\n","protected":false},"excerpt":{"rendered":"<p>La deuda p\u00fablica ha marcado nuevos r\u00e9cords en Espa\u00f1a en el tercer trimestre, seg\u00fan los datos detallados que ha publicado hoy el Banco de Espa\u00f1a y que, en lo relativo al total de deuda, confirman los datos publicados el mes pasado. Las nuevas cifras ofrecen el desglose por comunidades aut\u00f3nomas y muestran que la mayor\u00eda [&hellip;]<\/p>\n","protected":false},"author":1,"featured_media":0,"comment_status":"open","ping_status":"open","sticky":false,"template":"","format":"standard","meta":{"footnotes":""},"categories":[1],"tags":[],"class_list":["post-2818","post","type-post","status-publish","format-standard","hentry","category-entretenimiento"],"_links":{"self":[{"href":"https:\/\/2horizontes.com\/index.php?rest_route=\/wp\/v2\/posts\/2818","targetHints":{"allow":["GET"]}}],"collection":[{"href":"https:\/\/2horizontes.com\/index.php?rest_route=\/wp\/v2\/posts"}],"about":[{"href":"https:\/\/2horizontes.com\/index.php?rest_route=\/wp\/v2\/types\/post"}],"author":[{"embeddable":true,"href":"https:\/\/2horizontes.com\/index.php?rest_route=\/wp\/v2\/users\/1"}],"replies":[{"embeddable":true,"href":"https:\/\/2horizontes.com\/index.php?rest_route=%2Fwp%2Fv2%2Fcomments&post=2818"}],"version-history":[{"count":1,"href":"https:\/\/2horizontes.com\/index.php?rest_route=\/wp\/v2\/posts\/2818\/revisions"}],"predecessor-version":[{"id":2819,"href":"https:\/\/2horizontes.com\/index.php?rest_route=\/wp\/v2\/posts\/2818\/revisions\/2819"}],"wp:attachment":[{"href":"https:\/\/2horizontes.com\/index.php?rest_route=%2Fwp%2Fv2%2Fmedia&parent=2818"}],"wp:term":[{"taxonomy":"category","embeddable":true,"href":"https:\/\/2horizontes.com\/index.php?rest_route=%2Fwp%2Fv2%2Fcategories&post=2818"},{"taxonomy":"post_tag","embeddable":true,"href":"https:\/\/2horizontes.com\/index.php?rest_route=%2Fwp%2Fv2%2Ftags&post=2818"}],"curies":[{"name":"wp","href":"https:\/\/api.w.org\/{rel}","templated":true}]}}