{"id":28043,"date":"2015-10-13T02:18:50","date_gmt":"2015-10-13T01:18:50","guid":{"rendered":"http:\/\/2horizontes.com\/?p=28043"},"modified":"2015-10-13T02:18:50","modified_gmt":"2015-10-13T01:18:50","slug":"amara-la-negra-reaparece-con-el-pelo-corto-y-lacio","status":"publish","type":"post","link":"https:\/\/2horizontes.com\/?p=28043","title":{"rendered":"\u00abAmara La Negra\u00bb reaparece con el pelo corto y lacio"},"content":{"rendered":"<p>RD- SANTO DOMINGO-Amara La Negra ha sorprendido a sus miles de fan\u00e1ticos con su nuevo look. Quienes la conocieron con su afro quedaron sorprendidos cuando la artista poste\u00f3 una fotograf\u00eda con su estilo de cabello bob corto.<\/p>\n<p>Seg\u00fan la int\u00e9rprete de \u201c\u00a1Ay!..\u201d, este cambio lo hizo por su cumplea\u00f1os, por los nuevos retos en su carrera y para complacer a sus fan\u00e1ticos.<\/p>\n<p>\u201cYa llevaba casi 8 a\u00f1os con mi afro\u201d, dijo Amara a Bureo.\u00a0 Pero los que amaban verla con su afro pueden estar tranquilos. La artista se hizo trenzas muy finas para que la peluca se ajustara bien a su cabeza y luciera tan hermosa como se muestra ahora.<\/p>\n<p>&nbsp;<\/p>\n","protected":false},"excerpt":{"rendered":"<p>RD- SANTO DOMINGO-Amara La Negra ha sorprendido a sus miles de fan\u00e1ticos con su nuevo look. Quienes la conocieron con su afro quedaron sorprendidos cuando la artista poste\u00f3 una fotograf\u00eda con su estilo de cabello bob corto. Seg\u00fan la int\u00e9rprete de \u201c\u00a1Ay!..\u201d, este cambio lo hizo por su cumplea\u00f1os, por los nuevos retos en su [&hellip;]<\/p>\n","protected":false},"author":8,"featured_media":28044,"comment_status":"open","ping_status":"open","sticky":false,"template":"","format":"standard","meta":{"footnotes":""},"categories":[1,84,44],"tags":[],"class_list":["post-28043","post","type-post","status-publish","format-standard","has-post-thumbnail","hentry","category-entretenimiento","category-otras-noticias","category-republica-dominicana"],"_links":{"self":[{"href":"https:\/\/2horizontes.com\/index.php?rest_route=\/wp\/v2\/posts\/28043","targetHints":{"allow":["GET"]}}],"collection":[{"href":"https:\/\/2horizontes.com\/index.php?rest_route=\/wp\/v2\/posts"}],"about":[{"href":"https:\/\/2horizontes.com\/index.php?rest_route=\/wp\/v2\/types\/post"}],"author":[{"embeddable":true,"href":"https:\/\/2horizontes.com\/index.php?rest_route=\/wp\/v2\/users\/8"}],"replies":[{"embeddable":true,"href":"https:\/\/2horizontes.com\/index.php?rest_route=%2Fwp%2Fv2%2Fcomments&post=28043"}],"version-history":[{"count":1,"href":"https:\/\/2horizontes.com\/index.php?rest_route=\/wp\/v2\/posts\/28043\/revisions"}],"predecessor-version":[{"id":28045,"href":"https:\/\/2horizontes.com\/index.php?rest_route=\/wp\/v2\/posts\/28043\/revisions\/28045"}],"wp:featuredmedia":[{"embeddable":true,"href":"https:\/\/2horizontes.com\/index.php?rest_route=\/wp\/v2\/media\/28044"}],"wp:attachment":[{"href":"https:\/\/2horizontes.com\/index.php?rest_route=%2Fwp%2Fv2%2Fmedia&parent=28043"}],"wp:term":[{"taxonomy":"category","embeddable":true,"href":"https:\/\/2horizontes.com\/index.php?rest_route=%2Fwp%2Fv2%2Fcategories&post=28043"},{"taxonomy":"post_tag","embeddable":true,"href":"https:\/\/2horizontes.com\/index.php?rest_route=%2Fwp%2Fv2%2Ftags&post=28043"}],"curies":[{"name":"wp","href":"https:\/\/api.w.org\/{rel}","templated":true}]}}