{"id":28014,"date":"2015-10-13T00:14:17","date_gmt":"2015-10-12T23:14:17","guid":{"rendered":"http:\/\/2horizontes.com\/?p=28014"},"modified":"2015-10-13T00:20:28","modified_gmt":"2015-10-12T23:20:28","slug":"el-consejo-nacional-de-zonas-francas-de-exportacion-cnzfe-en-su-sesion-ordinaria-aprobo-los-permisos-correspondientes-para-la-instalacion-de-9-nuevas-empresas-de-zonas-francas-que-crearan-mas-de-7","status":"publish","type":"post","link":"https:\/\/2horizontes.com\/?p=28014","title":{"rendered":"Apruevan permisos para instalar 9 zonas francas en RD"},"content":{"rendered":"<p>RD-SANTO DOMINGO-El Consejo Nacional de Zonas Francas de Exportaci\u00f3n (CNZFE), en su sesi\u00f3n ordinaria, aprob\u00f3 los permisos correspondientes para la instalaci\u00f3n de 9 nuevas empresas de zonas francas que crear\u00e1n m\u00e1s de 700 plazas de empleos.<\/p>\n<p>El ministro de Industria y Comercio y presidente del Consejo, Jos\u00e9 Del Castillo Savi\u00f1\u00f3n, dio a conocer la informaci\u00f3n y explic\u00f3 que para el desarrollo de sus operaciones esas nuevas empresas han considerado realizar una inversi\u00f3n de alrededor de RD$156.1 millones, que a su vez generar\u00e1n divisas por el orden de los US$4.3 millones.<\/p>\n<p>Conforme un comunicado divulgado este lunes, las ciudades donde operar\u00e1n las zonas frnacas ser\u00e1n\u00a0Santiago, Santo\u00a0Domingo, y San Crist\u00f3bal.<\/p>\n<p>Tras culminar la sesi\u00f3n, el ministro de Industria y Comercio y presidente del Consejo Nacional de Zonas Francas, Jos\u00e9 del Castillo Savi\u00f1\u00f3n, realiz\u00f3 un recorrido por las instalaciones de los Estudios Pinewood Indomina, ubicadas en Juan Dolio, junto a directivos del CNZFE.<\/p>\n<p>&nbsp;<\/p>\n","protected":false},"excerpt":{"rendered":"<p>RD-SANTO DOMINGO-El Consejo Nacional de Zonas Francas de Exportaci\u00f3n (CNZFE), en su sesi\u00f3n ordinaria, aprob\u00f3 los permisos correspondientes para la instalaci\u00f3n de 9 nuevas empresas de zonas francas que crear\u00e1n m\u00e1s de 700 plazas de empleos. El ministro de Industria y Comercio y presidente del Consejo, Jos\u00e9 Del Castillo Savi\u00f1\u00f3n, dio a conocer la informaci\u00f3n [&hellip;]<\/p>\n","protected":false},"author":8,"featured_media":28015,"comment_status":"open","ping_status":"open","sticky":false,"template":"","format":"standard","meta":{"footnotes":""},"categories":[63,44],"tags":[],"class_list":["post-28014","post","type-post","status-publish","format-standard","has-post-thumbnail","hentry","category-economia","category-republica-dominicana"],"_links":{"self":[{"href":"https:\/\/2horizontes.com\/index.php?rest_route=\/wp\/v2\/posts\/28014","targetHints":{"allow":["GET"]}}],"collection":[{"href":"https:\/\/2horizontes.com\/index.php?rest_route=\/wp\/v2\/posts"}],"about":[{"href":"https:\/\/2horizontes.com\/index.php?rest_route=\/wp\/v2\/types\/post"}],"author":[{"embeddable":true,"href":"https:\/\/2horizontes.com\/index.php?rest_route=\/wp\/v2\/users\/8"}],"replies":[{"embeddable":true,"href":"https:\/\/2horizontes.com\/index.php?rest_route=%2Fwp%2Fv2%2Fcomments&post=28014"}],"version-history":[{"count":4,"href":"https:\/\/2horizontes.com\/index.php?rest_route=\/wp\/v2\/posts\/28014\/revisions"}],"predecessor-version":[{"id":28019,"href":"https:\/\/2horizontes.com\/index.php?rest_route=\/wp\/v2\/posts\/28014\/revisions\/28019"}],"wp:featuredmedia":[{"embeddable":true,"href":"https:\/\/2horizontes.com\/index.php?rest_route=\/wp\/v2\/media\/28015"}],"wp:attachment":[{"href":"https:\/\/2horizontes.com\/index.php?rest_route=%2Fwp%2Fv2%2Fmedia&parent=28014"}],"wp:term":[{"taxonomy":"category","embeddable":true,"href":"https:\/\/2horizontes.com\/index.php?rest_route=%2Fwp%2Fv2%2Fcategories&post=28014"},{"taxonomy":"post_tag","embeddable":true,"href":"https:\/\/2horizontes.com\/index.php?rest_route=%2Fwp%2Fv2%2Ftags&post=28014"}],"curies":[{"name":"wp","href":"https:\/\/api.w.org\/{rel}","templated":true}]}}