{"id":27923,"date":"2015-10-11T12:56:27","date_gmt":"2015-10-11T11:56:27","guid":{"rendered":"http:\/\/2horizontes.com\/?p=27923"},"modified":"2015-10-11T12:56:27","modified_gmt":"2015-10-11T11:56:27","slug":"oposicion-brasilena-pide-la-salida-del-jefe-de-diputados-acusado-de-corrupcion","status":"publish","type":"post","link":"https:\/\/2horizontes.com\/?p=27923","title":{"rendered":"Oposici\u00f3n brasile\u00f1a pide la salida del jefe de Diputados acusado de corrupci\u00f3n"},"content":{"rendered":"<div id=\"ArticleAuthorDiv\" class=\"article-body-author\"><b>AFP<\/b><\/div>\n<div id=\"ArticleSourceDiv\" class=\"article-body-author\"><\/div>\n<div id=\"ArticleBody\">\n<p>L\u00edderes de oposici\u00f3n en Brasil pidieron el s\u00e1bado que el presidente de la C\u00e1mara de Diputados, Eduardo Cunha, sea apartado de su cargo despu\u00e9s que la prensa revelara que ten\u00eda cuentas en Suiza, donde supuestamente guardaba dinero de los sobornos recibidos por la red corrupta destapada en Petrobras.<\/p>\n<p>Cunha, un poderoso pol\u00edtico enemigo frontal del gobierno de la presidenta Dilma Rousseff, ya fue acusado en agosto por la Fiscal\u00eda brasile\u00f1a de haber cobrado sobornos por al menos cinco millones de d\u00f3lares de la estructura delictiva que funcionaba en Petrobras.<\/p>\n<p>\u00c9sta es, sin embargo, la primera vez que el principal partido de la oposici\u00f3n -el socialdem\u00f3crata PSDB, que perdi\u00f3 las elecciones de 2014 por un ajustado margen- pide la salida del pol\u00e9mico presidente de la C\u00e1mara baja.<\/p>\n<p>Adem\u00e1s de marcar la agenda pol\u00edtica de Brasil los \u00faltimos meses, Cunha es el encargado de dar continuidad en el Congreso a los pedidos de impeachment a la presidenta Rousseff, muchos de ellos propuestos desde el PSDB en su cruzada por abrir un proceso pol\u00edtico contra la presidenta.<\/p>\n<p>Uno de los m\u00e1s importantes se espera que sea evaluado por Cunha el pr\u00f3ximo martes, en un nuevo d\u00eda de alta tensi\u00f3n en el Congreso para Rousseff.<\/p>\n<p>\u00abSobre las denuncias contra el presidente de la C\u00e1mara, Eduardo Cunha, publicadas por la prensa, los l\u00edderes (&#8230;) del PSDB, Solidariedade, PSB, DEM, PPS y Minoria [todos de oposici\u00f3n, ndlr] entienden que debe apartarse del cargo, incluso para que que pueda ejercer, de forma adecuada, su derecho constitucional a la amplia defensa\u00bb, afirma el comunicado enviado este s\u00e1bado.<\/p>\n<p><strong>&#8211; Cunha se defiende &#8211;<\/strong><\/p>\n<p>La situaci\u00f3n comenz\u00f3 a complicarse para el jefe de Diputados cuando a fines de septiembre la Fiscal\u00eda suiza transfiri\u00f3 a sus hom\u00f3loga brasile\u00f1a su investigaci\u00f3n contra \u00e9l por supuesto lavado de dinero y corrupci\u00f3n, despu\u00e9s de bloquearle valores de cuentas a su nombre y de sus familiares.<\/p>\n<p>Durante la semana se han conocido a trav\u00e9s de la prensa local m\u00e1s detalles de los movimientos de Cunha en sus cuentas suizas, as\u00ed como las sospechas de que los fondos procedan de los sobornos cobrados a trav\u00e9s de la gigantesca red corrupta que saque\u00f3 al menos 2.000 millones de d\u00f3lares a la mayor empresa del pa\u00eds.<\/p>\n<p>Desde que se hizo p\u00fablica la acusaci\u00f3n de la Fiscal\u00eda brasile\u00f1a en agosto, este pol\u00edtico evangelista comenz\u00f3 una guerra abierta contra la administraci\u00f3n de Rousseff, pese a pertenecer al (PSBD, centro), partido aliado del gobierno, al sentirse v\u00edctima de una persecuci\u00f3n y reiter\u00f3 en varias ocasiones que no pensaba dejar su puesto.<\/p>\n<p>Minutos despu\u00e9s del anuncio de la oposici\u00f3n este s\u00e1bado, Eduardo Cunha repiti\u00f3 que no abandonar\u00e1 su cargo, pero dio un paso m\u00e1s en su defensa.<\/p>\n<p>En un extenso comunicado firmado por su servicio de prensa, no s\u00f3lo reafirm\u00f3 no haber recibido ning\u00fan soborno de Petrobras o, como ya hab\u00eda asegur\u00f3 en una Comisi\u00f3n de la C\u00e1mara, no tener cuentas en Suiza, sino que acus\u00f3 directamente a la Fiscal\u00eda de no actuar con independencia.<\/p>\n<p>\u00abEn varias ocasiones desde el inicio de este proceso, el Presidente de la C\u00e1mara ha alertado del sesgo pol\u00edtico del PGR [Procurador general de la Rep\u00fablica, ndlr], que le escogi\u00f3 para investigar, despu\u00e9s le escogi\u00f3 para denunciar y, ahora, le escoge como objetivo de filtraciones absurdas (&#8230;)\u00bb.<\/p>\n<p>Sacudida por un torrente de malas noticias en el plano econ\u00f3mico y pol\u00edtico cuando apenas se cumplen nueve meses de iniciar su segundo mandato, Dilma Rousseff sufri\u00f3 esta semana otras dos duras derrotas, que dejaron en manos del Congreso el futuro de su gobierno.<\/p>\n<p>El tribunal electoral decidi\u00f3 reabrir una investigaci\u00f3n para determinar si se cometieron abusos durante su campa\u00f1a de 2014 -que tras un complejo camino podr\u00eda terminar precozmente con su mandato- y un d\u00eda despu\u00e9s la auditor\u00eda del Estado rechaz\u00f3 su rendici\u00f3n de cuentas de ese a\u00f1o acus\u00e1ndola de maquillar los n\u00fameros.<\/p>\n<\/div>\n","protected":false},"excerpt":{"rendered":"<p>AFP L\u00edderes de oposici\u00f3n en Brasil pidieron el s\u00e1bado que el presidente de la C\u00e1mara de Diputados, Eduardo Cunha, sea apartado de su cargo despu\u00e9s que la prensa revelara que ten\u00eda cuentas en Suiza, donde supuestamente guardaba dinero de los sobornos recibidos por la red corrupta destapada en Petrobras. Cunha, un poderoso pol\u00edtico enemigo frontal [&hellip;]<\/p>\n","protected":false},"author":7,"featured_media":27924,"comment_status":"open","ping_status":"open","sticky":false,"template":"","format":"standard","meta":{"footnotes":""},"categories":[40,43],"tags":[],"class_list":["post-27923","post","type-post","status-publish","format-standard","has-post-thumbnail","hentry","category-internacionales","category-politica"],"_links":{"self":[{"href":"https:\/\/2horizontes.com\/index.php?rest_route=\/wp\/v2\/posts\/27923","targetHints":{"allow":["GET"]}}],"collection":[{"href":"https:\/\/2horizontes.com\/index.php?rest_route=\/wp\/v2\/posts"}],"about":[{"href":"https:\/\/2horizontes.com\/index.php?rest_route=\/wp\/v2\/types\/post"}],"author":[{"embeddable":true,"href":"https:\/\/2horizontes.com\/index.php?rest_route=\/wp\/v2\/users\/7"}],"replies":[{"embeddable":true,"href":"https:\/\/2horizontes.com\/index.php?rest_route=%2Fwp%2Fv2%2Fcomments&post=27923"}],"version-history":[{"count":1,"href":"https:\/\/2horizontes.com\/index.php?rest_route=\/wp\/v2\/posts\/27923\/revisions"}],"predecessor-version":[{"id":27925,"href":"https:\/\/2horizontes.com\/index.php?rest_route=\/wp\/v2\/posts\/27923\/revisions\/27925"}],"wp:featuredmedia":[{"embeddable":true,"href":"https:\/\/2horizontes.com\/index.php?rest_route=\/wp\/v2\/media\/27924"}],"wp:attachment":[{"href":"https:\/\/2horizontes.com\/index.php?rest_route=%2Fwp%2Fv2%2Fmedia&parent=27923"}],"wp:term":[{"taxonomy":"category","embeddable":true,"href":"https:\/\/2horizontes.com\/index.php?rest_route=%2Fwp%2Fv2%2Fcategories&post=27923"},{"taxonomy":"post_tag","embeddable":true,"href":"https:\/\/2horizontes.com\/index.php?rest_route=%2Fwp%2Fv2%2Ftags&post=27923"}],"curies":[{"name":"wp","href":"https:\/\/api.w.org\/{rel}","templated":true}]}}