{"id":27920,"date":"2015-10-11T12:47:56","date_gmt":"2015-10-11T11:47:56","guid":{"rendered":"http:\/\/2horizontes.com\/?p=27920"},"modified":"2015-10-11T12:47:56","modified_gmt":"2015-10-11T11:47:56","slug":"presidenta-bachelet-visita-a-damnificados-de-sismo-en-centro-de-chile","status":"publish","type":"post","link":"https:\/\/2horizontes.com\/?p=27920","title":{"rendered":"Presidenta Bachelet visita a damnificados de sismo en centro de Chile"},"content":{"rendered":"<p>SANTIAGO.- La presidenta de Chile, Michelle Bachelet, visit\u00f3 hoy a los daminificados del sismo de 8,3 grados y tsunami registrado el pasado 16 de septiembre que dej\u00f3 al menos 15 muertos y serios da\u00f1os materiales en la regi\u00f3n central de Coquimbo.<\/p>\n<p>La mandataria afirm\u00f3 en la zona que su gobierno \u00abno abandonar\u00e1 a los damnificados y de inmediato iniciar\u00e1 la reconstrucci\u00f3n\u00bb.<\/p>\n<p>Dijo que su administraci\u00f3n ya ha dispuesto 30.500 millones de pesos (unos 44 millones de d\u00f3lares) para las labores de reconstrucci\u00f3n de las comunidades afectadas por el terremoto.<\/p>\n<p>Asever\u00f3 que espera que \u00abesta reconstrucci\u00f3n no sea mentirosa\u00bb y se note en las vidas de la gente de la localidad.<\/p>\n<p>Bachelet estuvo en la comunidad de Canela en la provincia de Choapa, una de las m\u00e1s afectadas, donde entreg\u00f3 enseres dom\u00e9sticos a familias afectadas.<\/p>\n<p>\u00abNo se preocupen, no van a estar solos, no los vamos a abandonar y vamos a seguir trabajando junto a ustedes para que Canela se levante nuevamente y podamos normalizar nuestras vidas\u00bb, expres\u00f3.<\/p>\n<p>Dijo que viaj\u00f3 a la zona afectada para supervisar personalmente los trabajos de reconstrucci\u00f3n de viviendas.<\/p>\n<p>Agencia XINHUA<\/p>\n","protected":false},"excerpt":{"rendered":"<p>SANTIAGO.- La presidenta de Chile, Michelle Bachelet, visit\u00f3 hoy a los daminificados del sismo de 8,3 grados y tsunami registrado el pasado 16 de septiembre que dej\u00f3 al menos 15 muertos y serios da\u00f1os materiales en la regi\u00f3n central de Coquimbo. La mandataria afirm\u00f3 en la zona que su gobierno \u00abno abandonar\u00e1 a los damnificados [&hellip;]<\/p>\n","protected":false},"author":7,"featured_media":27921,"comment_status":"open","ping_status":"open","sticky":false,"template":"","format":"standard","meta":{"footnotes":""},"categories":[40,43],"tags":[],"class_list":["post-27920","post","type-post","status-publish","format-standard","has-post-thumbnail","hentry","category-internacionales","category-politica"],"_links":{"self":[{"href":"https:\/\/2horizontes.com\/index.php?rest_route=\/wp\/v2\/posts\/27920","targetHints":{"allow":["GET"]}}],"collection":[{"href":"https:\/\/2horizontes.com\/index.php?rest_route=\/wp\/v2\/posts"}],"about":[{"href":"https:\/\/2horizontes.com\/index.php?rest_route=\/wp\/v2\/types\/post"}],"author":[{"embeddable":true,"href":"https:\/\/2horizontes.com\/index.php?rest_route=\/wp\/v2\/users\/7"}],"replies":[{"embeddable":true,"href":"https:\/\/2horizontes.com\/index.php?rest_route=%2Fwp%2Fv2%2Fcomments&post=27920"}],"version-history":[{"count":1,"href":"https:\/\/2horizontes.com\/index.php?rest_route=\/wp\/v2\/posts\/27920\/revisions"}],"predecessor-version":[{"id":27922,"href":"https:\/\/2horizontes.com\/index.php?rest_route=\/wp\/v2\/posts\/27920\/revisions\/27922"}],"wp:featuredmedia":[{"embeddable":true,"href":"https:\/\/2horizontes.com\/index.php?rest_route=\/wp\/v2\/media\/27921"}],"wp:attachment":[{"href":"https:\/\/2horizontes.com\/index.php?rest_route=%2Fwp%2Fv2%2Fmedia&parent=27920"}],"wp:term":[{"taxonomy":"category","embeddable":true,"href":"https:\/\/2horizontes.com\/index.php?rest_route=%2Fwp%2Fv2%2Fcategories&post=27920"},{"taxonomy":"post_tag","embeddable":true,"href":"https:\/\/2horizontes.com\/index.php?rest_route=%2Fwp%2Fv2%2Ftags&post=27920"}],"curies":[{"name":"wp","href":"https:\/\/api.w.org\/{rel}","templated":true}]}}