{"id":27905,"date":"2015-10-11T05:03:26","date_gmt":"2015-10-11T04:03:26","guid":{"rendered":"http:\/\/2horizontes.com\/?p=27905"},"modified":"2015-10-11T05:03:26","modified_gmt":"2015-10-11T04:03:26","slug":"suben-a-95-los-muertos-y-246-heridos-en-atentado-marcha-por-la-paz-ankara","status":"publish","type":"post","link":"https:\/\/2horizontes.com\/?p=27905","title":{"rendered":"Suben a 95 los muertos y 246 heridos en atentado marcha por la paz Ankara"},"content":{"rendered":"<p><strong>TURQUIA-Al menos 95 personas han muerto y 246 han resultado heridas<\/strong>\u00a0en el atentado perpetrado este s\u00e1bado en Ankara, Turqu\u00eda, contra una marcha por la paz. El ministro de Salud turco hab\u00eda informado de que \u201c62 personas han fallecido en el lugar de la explosi\u00f3n y otras 24 han muerto en el hospital\u201d, sin embargo un nuevo informe ha actualizado la cifra. El Gobierno sospecha de posibles atentados suicidas.<\/p>\n<p>La masacre fue causada a las 07.04 GMT por dos explosiones\u00a0<strong>\u201cde causa a\u00fan desconocida<\/strong>\u201c, aunque numerosos testigos, incluyendo un corresponsal de Efe que estuvo a pocos metros de la detonaci\u00f3n, han se\u00f1alado que puede tratarse de un atentado suicida.<\/p>\n<p>Las detonaciones\u00a0<strong>se produjeron cerca de la estaci\u00f3n de tren durante una marcha por la paz<\/strong>\u00a0convocada por sindicatos y colegios profesionales.<strong>\u00a0<\/strong><\/p>\n<p>Minutos despu\u00e9s de las explosiones, la turca ha empleado gases lacrim\u00f3genos y ha disparado al aire para dispersar a\u00a0<strong>algunos manifestantes que hab\u00edan atacado un veh\u00edculo policial<\/strong>.<\/p>\n<p>La marcha, a la que hab\u00edan acudido este s\u00e1bado miles de personas, estaba convocada por el Colegio de Ingenieros, el Colegio de M\u00e9dicos\u00a0<strong>y los dos sindicatos izquierdistas DISK y KESK.<\/strong>\u00a0La manifestaci\u00f3n tambi\u00e9n ten\u00eda como objetivo\u00a0<strong>protestar contra la escalada de la violencia en las regiones kurdas de Turqu\u00eda.<\/strong><\/p>\n<p>Desde la ruptura de un alto el fuego entre la guerrilla kurda del ilegal Partido de los Trabajadores de Kurdist\u00e1n (PKK) y el ej\u00e9rcito turco han muerto\u00a0<strong>cientos de personas en numerosos ataques<\/strong>, atentados y enfrentamientos.<\/p>\n","protected":false},"excerpt":{"rendered":"<p>TURQUIA-Al menos 95 personas han muerto y 246 han resultado heridas\u00a0en el atentado perpetrado este s\u00e1bado en Ankara, Turqu\u00eda, contra una marcha por la paz. El ministro de Salud turco hab\u00eda informado de que \u201c62 personas han fallecido en el lugar de la explosi\u00f3n y otras 24 han muerto en el hospital\u201d, sin embargo un [&hellip;]<\/p>\n","protected":false},"author":8,"featured_media":27906,"comment_status":"open","ping_status":"open","sticky":false,"template":"","format":"standard","meta":{"footnotes":""},"categories":[40,45],"tags":[],"class_list":["post-27905","post","type-post","status-publish","format-standard","has-post-thumbnail","hentry","category-internacionales","category-salud"],"_links":{"self":[{"href":"https:\/\/2horizontes.com\/index.php?rest_route=\/wp\/v2\/posts\/27905","targetHints":{"allow":["GET"]}}],"collection":[{"href":"https:\/\/2horizontes.com\/index.php?rest_route=\/wp\/v2\/posts"}],"about":[{"href":"https:\/\/2horizontes.com\/index.php?rest_route=\/wp\/v2\/types\/post"}],"author":[{"embeddable":true,"href":"https:\/\/2horizontes.com\/index.php?rest_route=\/wp\/v2\/users\/8"}],"replies":[{"embeddable":true,"href":"https:\/\/2horizontes.com\/index.php?rest_route=%2Fwp%2Fv2%2Fcomments&post=27905"}],"version-history":[{"count":1,"href":"https:\/\/2horizontes.com\/index.php?rest_route=\/wp\/v2\/posts\/27905\/revisions"}],"predecessor-version":[{"id":27907,"href":"https:\/\/2horizontes.com\/index.php?rest_route=\/wp\/v2\/posts\/27905\/revisions\/27907"}],"wp:featuredmedia":[{"embeddable":true,"href":"https:\/\/2horizontes.com\/index.php?rest_route=\/wp\/v2\/media\/27906"}],"wp:attachment":[{"href":"https:\/\/2horizontes.com\/index.php?rest_route=%2Fwp%2Fv2%2Fmedia&parent=27905"}],"wp:term":[{"taxonomy":"category","embeddable":true,"href":"https:\/\/2horizontes.com\/index.php?rest_route=%2Fwp%2Fv2%2Fcategories&post=27905"},{"taxonomy":"post_tag","embeddable":true,"href":"https:\/\/2horizontes.com\/index.php?rest_route=%2Fwp%2Fv2%2Ftags&post=27905"}],"curies":[{"name":"wp","href":"https:\/\/api.w.org\/{rel}","templated":true}]}}