{"id":27874,"date":"2015-10-10T02:43:16","date_gmt":"2015-10-10T01:43:16","guid":{"rendered":"http:\/\/2horizontes.com\/?p=27874"},"modified":"2015-10-10T02:43:16","modified_gmt":"2015-10-10T01:43:16","slug":"apresan-a-dos-hombre-que-mataron-a-un-haitiano-en-pedernales-rd","status":"publish","type":"post","link":"https:\/\/2horizontes.com\/?p=27874","title":{"rendered":"Apresan a dos hombre que mataron a un haitiano en Pedernales RD"},"content":{"rendered":"<p>RD- PEDERNALES-La Polic\u00eda Nacional inform\u00f3 este viernes que apres\u00f3 a dos tres hombres por la muerte de otro de nacionalidad haitiana, en un hecho ocurrido en el paraje El Mogote de la secci\u00f3n de Las Mercedes,\u00a0 provincia Pedernales.<\/p>\n<p>La instituci\u00f3n identific\u00f3 a los detenidos como los dominico-haitianos Miguelito Santana (Derechito) y Satiel Pie, residentes en el sector Los Altagracianos, de esa ciudad, mientras que el pr\u00f3fugo es el dominicano V\u00edctor Matos.<\/p>\n<p>A los detenidos se les atribuye la muerte del nacional haitiano Antoniel Elie, de aproximadamente 53 a\u00f1os, a consecuencia de heridas de arma blanca en el cuello, seg\u00fan el certificado m\u00e9dico legal.<\/p>\n<p>Miguelito Santana (Derechito) y Satiel Pie fueron capturados mediante la orden de arresto y allanamiento\u00a0 No. 00011-2015, emitida por un juez de la instrucci\u00f3n de esa jurisdicci\u00f3n.<\/p>\n<p>De acuerdo con una nota de prensa, durante la requisa en una vivienda de los detenidos fueron encontrados un machete y una linterna, propiedad de la v\u00edctima. La propiedad de dichos objetos fueron confirmados por Senti Mach Pie, de 35 a\u00f1os, hijo del malogrado extranjero.<\/p>\n<p>Los apresados, al ser cuestionados sobre el hecho, admitieron su responsabilidad, por lo que est\u00e1n siendo sometidos a la justicia.<\/p>\n<p>La Polic\u00eda persigue a V\u00edctor Matos para apresarlo y ponerlo a disposici\u00f3n de la justicia a trav\u00e9s del Ministerio P\u00fablico junto a los dem\u00e1s implicados.<\/p>\n<p>&nbsp;<\/p>\n","protected":false},"excerpt":{"rendered":"<p>RD- PEDERNALES-La Polic\u00eda Nacional inform\u00f3 este viernes que apres\u00f3 a dos tres hombres por la muerte de otro de nacionalidad haitiana, en un hecho ocurrido en el paraje El Mogote de la secci\u00f3n de Las Mercedes,\u00a0 provincia Pedernales. La instituci\u00f3n identific\u00f3 a los detenidos como los dominico-haitianos Miguelito Santana (Derechito) y Satiel Pie, residentes en [&hellip;]<\/p>\n","protected":false},"author":8,"featured_media":27875,"comment_status":"open","ping_status":"open","sticky":false,"template":"","format":"standard","meta":{"footnotes":""},"categories":[53,44],"tags":[],"class_list":["post-27874","post","type-post","status-publish","format-standard","has-post-thumbnail","hentry","category-provincias","category-republica-dominicana"],"_links":{"self":[{"href":"https:\/\/2horizontes.com\/index.php?rest_route=\/wp\/v2\/posts\/27874","targetHints":{"allow":["GET"]}}],"collection":[{"href":"https:\/\/2horizontes.com\/index.php?rest_route=\/wp\/v2\/posts"}],"about":[{"href":"https:\/\/2horizontes.com\/index.php?rest_route=\/wp\/v2\/types\/post"}],"author":[{"embeddable":true,"href":"https:\/\/2horizontes.com\/index.php?rest_route=\/wp\/v2\/users\/8"}],"replies":[{"embeddable":true,"href":"https:\/\/2horizontes.com\/index.php?rest_route=%2Fwp%2Fv2%2Fcomments&post=27874"}],"version-history":[{"count":1,"href":"https:\/\/2horizontes.com\/index.php?rest_route=\/wp\/v2\/posts\/27874\/revisions"}],"predecessor-version":[{"id":27876,"href":"https:\/\/2horizontes.com\/index.php?rest_route=\/wp\/v2\/posts\/27874\/revisions\/27876"}],"wp:featuredmedia":[{"embeddable":true,"href":"https:\/\/2horizontes.com\/index.php?rest_route=\/wp\/v2\/media\/27875"}],"wp:attachment":[{"href":"https:\/\/2horizontes.com\/index.php?rest_route=%2Fwp%2Fv2%2Fmedia&parent=27874"}],"wp:term":[{"taxonomy":"category","embeddable":true,"href":"https:\/\/2horizontes.com\/index.php?rest_route=%2Fwp%2Fv2%2Fcategories&post=27874"},{"taxonomy":"post_tag","embeddable":true,"href":"https:\/\/2horizontes.com\/index.php?rest_route=%2Fwp%2Fv2%2Ftags&post=27874"}],"curies":[{"name":"wp","href":"https:\/\/api.w.org\/{rel}","templated":true}]}}