{"id":27871,"date":"2015-10-10T02:35:29","date_gmt":"2015-10-10T01:35:29","guid":{"rendered":"http:\/\/2horizontes.com\/?p=27871"},"modified":"2015-10-10T02:35:29","modified_gmt":"2015-10-10T01:35:29","slug":"francisco-fernandez-asume-compromiso-con-dirigentes-en-los-guaricanos-rd","status":"publish","type":"post","link":"https:\/\/2horizontes.com\/?p=27871","title":{"rendered":"Francisco Fern\u00e1ndez asume compromiso con dirigentes en Los Guaricanos RD"},"content":{"rendered":"<p>RD- GUARICANOS-El alcalde de Santo Domingo Norte, Francisco Fern\u00e1ndez, se reuni\u00f3 anoche con dirigentes pol\u00edticos y comunitarios dela ZonaD3 de Ponce, para tratar la soluci\u00f3n de algunos problemas que afectan la localidad.<\/p>\n<p>La visita del actual delegado de esta demarcaci\u00f3n es considerada como un logro por los mancipes quienes expresaron sus inquietudes, y pidieron al alcalde varias obras como la reparaci\u00f3n de un hoyo que se ha convertido en foco de contaminaci\u00f3n, adem\u00e1s de la entrega de una bomba de agua, ya que la comunidad se ve afectada constantemente por la falta del preciado l\u00edquido. Tambi\u00e9n solicitaron la reconstrucci\u00f3n de aceras y contenes.<\/p>\n<p>Fern\u00e1ndez se comprometi\u00f3 para ir resolviendo esas inquietudes de los moradores puesto que seg\u00fan \u00e9l, son obras que benefician a toda la comunidad, adem\u00e1s dispuso de una jornada de fumigaci\u00f3n, as\u00ed como tambi\u00e9n la entrega de mosquiteros, y canastillas entre otras.<\/p>\n<p>El presidente de la zona, Pelegr\u00edn Rosa, fue designado por Fern\u00e1ndez para realizar un levantamiento de datos para la entrega de ayudas a los moradores m\u00e1s necesitados.<\/p>\n<p>&nbsp;<\/p>\n","protected":false},"excerpt":{"rendered":"<p>RD- GUARICANOS-El alcalde de Santo Domingo Norte, Francisco Fern\u00e1ndez, se reuni\u00f3 anoche con dirigentes pol\u00edticos y comunitarios dela ZonaD3 de Ponce, para tratar la soluci\u00f3n de algunos problemas que afectan la localidad. La visita del actual delegado de esta demarcaci\u00f3n es considerada como un logro por los mancipes quienes expresaron sus inquietudes, y pidieron al [&hellip;]<\/p>\n","protected":false},"author":8,"featured_media":27872,"comment_status":"open","ping_status":"open","sticky":false,"template":"","format":"standard","meta":{"footnotes":""},"categories":[43,44],"tags":[],"class_list":["post-27871","post","type-post","status-publish","format-standard","has-post-thumbnail","hentry","category-politica","category-republica-dominicana"],"_links":{"self":[{"href":"https:\/\/2horizontes.com\/index.php?rest_route=\/wp\/v2\/posts\/27871","targetHints":{"allow":["GET"]}}],"collection":[{"href":"https:\/\/2horizontes.com\/index.php?rest_route=\/wp\/v2\/posts"}],"about":[{"href":"https:\/\/2horizontes.com\/index.php?rest_route=\/wp\/v2\/types\/post"}],"author":[{"embeddable":true,"href":"https:\/\/2horizontes.com\/index.php?rest_route=\/wp\/v2\/users\/8"}],"replies":[{"embeddable":true,"href":"https:\/\/2horizontes.com\/index.php?rest_route=%2Fwp%2Fv2%2Fcomments&post=27871"}],"version-history":[{"count":1,"href":"https:\/\/2horizontes.com\/index.php?rest_route=\/wp\/v2\/posts\/27871\/revisions"}],"predecessor-version":[{"id":27873,"href":"https:\/\/2horizontes.com\/index.php?rest_route=\/wp\/v2\/posts\/27871\/revisions\/27873"}],"wp:featuredmedia":[{"embeddable":true,"href":"https:\/\/2horizontes.com\/index.php?rest_route=\/wp\/v2\/media\/27872"}],"wp:attachment":[{"href":"https:\/\/2horizontes.com\/index.php?rest_route=%2Fwp%2Fv2%2Fmedia&parent=27871"}],"wp:term":[{"taxonomy":"category","embeddable":true,"href":"https:\/\/2horizontes.com\/index.php?rest_route=%2Fwp%2Fv2%2Fcategories&post=27871"},{"taxonomy":"post_tag","embeddable":true,"href":"https:\/\/2horizontes.com\/index.php?rest_route=%2Fwp%2Fv2%2Ftags&post=27871"}],"curies":[{"name":"wp","href":"https:\/\/api.w.org\/{rel}","templated":true}]}}