{"id":27818,"date":"2015-10-09T15:40:48","date_gmt":"2015-10-09T14:40:48","guid":{"rendered":"http:\/\/2horizontes.com\/?p=27818"},"modified":"2015-10-09T15:40:48","modified_gmt":"2015-10-09T14:40:48","slug":"el-prm-analizara-el-domingo-alianzas-y-la-situacion-politica-rd","status":"publish","type":"post","link":"https:\/\/2horizontes.com\/?p=27818","title":{"rendered":"El PRM analizar\u00e1 el domingo alianzas y la situaci\u00f3n pol\u00edtica RD"},"content":{"rendered":"<p>RD- SANTO DOMINGO- (EFE).- La comisi\u00f3n pol\u00edtica del Partido Revolucionario Moderno (PRM) analizar\u00e1 el pr\u00f3ximo domingo la composici\u00f3n de las boletas, posibles alianzas con otras organizaci\u00f3n y personalidades, as\u00ed como la situaci\u00f3n pol\u00edtica nacional.<\/p>\n<p>La reuni\u00f3n se realizar\u00e1 a partir de las 9:00 de la ma\u00f1ana en las instalaciones del comando nacional de campa\u00f1a del candidato presidencial del PRM, Luis Abinader, inform\u00f3 hoy el partido en un comunicado.<\/p>\n<p>La cita estar\u00e1 encabeza por el presidente del partido, Andr\u00e9s Bautista; y su secretario general, Jes\u00fas V\u00e1squez.<\/p>\n<p>Est\u00e1 prevista la asistencia de Abiander, as\u00ed como de la presidenta de la Comisi\u00f3n Nacional Organizadora de la Convenci\u00f3n, Milagros Ortiz Bosch, y del expresidente del pa\u00eds Hip\u00f3lito Mej\u00eda.EFE<\/p>\n","protected":false},"excerpt":{"rendered":"<p>RD- SANTO DOMINGO- (EFE).- La comisi\u00f3n pol\u00edtica del Partido Revolucionario Moderno (PRM) analizar\u00e1 el pr\u00f3ximo domingo la composici\u00f3n de las boletas, posibles alianzas con otras organizaci\u00f3n y personalidades, as\u00ed como la situaci\u00f3n pol\u00edtica nacional. La reuni\u00f3n se realizar\u00e1 a partir de las 9:00 de la ma\u00f1ana en las instalaciones del comando nacional de campa\u00f1a del [&hellip;]<\/p>\n","protected":false},"author":8,"featured_media":27819,"comment_status":"open","ping_status":"open","sticky":false,"template":"","format":"standard","meta":{"footnotes":""},"categories":[43,44],"tags":[],"class_list":["post-27818","post","type-post","status-publish","format-standard","has-post-thumbnail","hentry","category-politica","category-republica-dominicana"],"_links":{"self":[{"href":"https:\/\/2horizontes.com\/index.php?rest_route=\/wp\/v2\/posts\/27818","targetHints":{"allow":["GET"]}}],"collection":[{"href":"https:\/\/2horizontes.com\/index.php?rest_route=\/wp\/v2\/posts"}],"about":[{"href":"https:\/\/2horizontes.com\/index.php?rest_route=\/wp\/v2\/types\/post"}],"author":[{"embeddable":true,"href":"https:\/\/2horizontes.com\/index.php?rest_route=\/wp\/v2\/users\/8"}],"replies":[{"embeddable":true,"href":"https:\/\/2horizontes.com\/index.php?rest_route=%2Fwp%2Fv2%2Fcomments&post=27818"}],"version-history":[{"count":1,"href":"https:\/\/2horizontes.com\/index.php?rest_route=\/wp\/v2\/posts\/27818\/revisions"}],"predecessor-version":[{"id":27820,"href":"https:\/\/2horizontes.com\/index.php?rest_route=\/wp\/v2\/posts\/27818\/revisions\/27820"}],"wp:featuredmedia":[{"embeddable":true,"href":"https:\/\/2horizontes.com\/index.php?rest_route=\/wp\/v2\/media\/27819"}],"wp:attachment":[{"href":"https:\/\/2horizontes.com\/index.php?rest_route=%2Fwp%2Fv2%2Fmedia&parent=27818"}],"wp:term":[{"taxonomy":"category","embeddable":true,"href":"https:\/\/2horizontes.com\/index.php?rest_route=%2Fwp%2Fv2%2Fcategories&post=27818"},{"taxonomy":"post_tag","embeddable":true,"href":"https:\/\/2horizontes.com\/index.php?rest_route=%2Fwp%2Fv2%2Ftags&post=27818"}],"curies":[{"name":"wp","href":"https:\/\/api.w.org\/{rel}","templated":true}]}}