{"id":27755,"date":"2015-10-09T12:03:43","date_gmt":"2015-10-09T11:03:43","guid":{"rendered":"http:\/\/2horizontes.com\/?p=27755"},"modified":"2015-10-09T12:03:43","modified_gmt":"2015-10-09T11:03:43","slug":"cuba-y-argentina-suscriben-acuerdo-intercancillerias","status":"publish","type":"post","link":"https:\/\/2horizontes.com\/?p=27755","title":{"rendered":"Cuba y Argentina suscriben acuerdo intercanciller\u00edas"},"content":{"rendered":"<p>LA HABANA,. Cuba y Argentina acordaron hoy en la ciudad de La Habana impulsar mecanismos de consultas entre las canciller\u00edas de los dos pa\u00edses, a prop\u00f3sito de la visita oficial a la isla del ministro de Exteriores del pa\u00eds austral, H\u00e9ctor Timerman.<\/p>\n<p>El memorando de entendimiento que establece el tratamiento de asuntos de inter\u00e9s mutuo, fue firmado por Timerman y su hom\u00f3logo anfitri\u00f3n, Bruno Rodr\u00edguez, en la sede del Ministerio de Relaciones Exteriores (Minrex) en la capital cubana.<\/p>\n<p>Previo a la r\u00fabrica del documento, ambos cancilleres sostuvieron conversaciones oficiales, en las que constataron el \u00abexcelente\u00bb estado de los v\u00ednculos entre La Habana y Buenos Aires.<\/p>\n<p>\u00abSeguimos trabajando en ese camino, estableceremos m\u00e1s y mejores lazos de amistad y mecanismos para que esto sea efectivo\u00bb, expres\u00f3 Timerman.<\/p>\n<p>El canciller argentino reclam\u00f3, asimismo, el levantamiento \u00abinmediato\u00bb del bloqueo econ\u00f3mico, financiero y comercial que Estados Unidos mantiene de manera oficial sobre Cuba desde 1962.<\/p>\n<p>Rodr\u00edguez destac\u00f3, por su parte, el \u00abpotencial\u00bb de los nexos entre Cuba y Argentina.<\/p>\n<p>Reiter\u00f3 tambi\u00e9n el apoyo de la mayor de las Antillas a la demanda argentina de soberan\u00eda sobre las islas Malvinas e inst\u00f3 a un \u00abdi\u00e1logo respetuoso\u00bb para resolver la disputa con Reino Unido.<\/p>\n<p>Durante la jornada, Timerman rindi\u00f3 homenaje al h\u00e9roe nacional cubano Jos\u00e9 Mart\u00ed ante el monumento erigido en la emblem\u00e1tica Plaza de la Revoluci\u00f3n habanera.<\/p>\n<p>La agenda del visitante argentino a la isla incluye para ma\u00f1ana viernes 9 de septiembre, en lo que ser\u00e1 el segundo y \u00faltimo d\u00eda de la visita, la inauguraci\u00f3n de un busto de la ex primera dama argentina Eva Per\u00f3n (1919-1952) en un c\u00e9ntrico parque del barrio del Vedado.<\/p>\n<p>El viaje de Timerman a Cuba se produce luego de la visita que realiz\u00f3 a mediados de septiembre pasado la presidenta argentina, Cristina Kirchner, cuando sostuvo conversaciones oficiales con su par cubano Ra\u00fal Castro.<\/p>\n<p>Agencia XINHUA.<\/p>\n","protected":false},"excerpt":{"rendered":"<p>LA HABANA,. Cuba y Argentina acordaron hoy en la ciudad de La Habana impulsar mecanismos de consultas entre las canciller\u00edas de los dos pa\u00edses, a prop\u00f3sito de la visita oficial a la isla del ministro de Exteriores del pa\u00eds austral, H\u00e9ctor Timerman. El memorando de entendimiento que establece el tratamiento de asuntos de inter\u00e9s mutuo, [&hellip;]<\/p>\n","protected":false},"author":7,"featured_media":27756,"comment_status":"open","ping_status":"open","sticky":false,"template":"","format":"standard","meta":{"footnotes":""},"categories":[49,40],"tags":[],"class_list":["post-27755","post","type-post","status-publish","format-standard","has-post-thumbnail","hentry","category-cuba","category-internacionales"],"_links":{"self":[{"href":"https:\/\/2horizontes.com\/index.php?rest_route=\/wp\/v2\/posts\/27755","targetHints":{"allow":["GET"]}}],"collection":[{"href":"https:\/\/2horizontes.com\/index.php?rest_route=\/wp\/v2\/posts"}],"about":[{"href":"https:\/\/2horizontes.com\/index.php?rest_route=\/wp\/v2\/types\/post"}],"author":[{"embeddable":true,"href":"https:\/\/2horizontes.com\/index.php?rest_route=\/wp\/v2\/users\/7"}],"replies":[{"embeddable":true,"href":"https:\/\/2horizontes.com\/index.php?rest_route=%2Fwp%2Fv2%2Fcomments&post=27755"}],"version-history":[{"count":1,"href":"https:\/\/2horizontes.com\/index.php?rest_route=\/wp\/v2\/posts\/27755\/revisions"}],"predecessor-version":[{"id":27757,"href":"https:\/\/2horizontes.com\/index.php?rest_route=\/wp\/v2\/posts\/27755\/revisions\/27757"}],"wp:featuredmedia":[{"embeddable":true,"href":"https:\/\/2horizontes.com\/index.php?rest_route=\/wp\/v2\/media\/27756"}],"wp:attachment":[{"href":"https:\/\/2horizontes.com\/index.php?rest_route=%2Fwp%2Fv2%2Fmedia&parent=27755"}],"wp:term":[{"taxonomy":"category","embeddable":true,"href":"https:\/\/2horizontes.com\/index.php?rest_route=%2Fwp%2Fv2%2Fcategories&post=27755"},{"taxonomy":"post_tag","embeddable":true,"href":"https:\/\/2horizontes.com\/index.php?rest_route=%2Fwp%2Fv2%2Ftags&post=27755"}],"curies":[{"name":"wp","href":"https:\/\/api.w.org\/{rel}","templated":true}]}}