{"id":27668,"date":"2015-10-08T17:33:52","date_gmt":"2015-10-08T16:33:52","guid":{"rendered":"http:\/\/2horizontes.com\/?p=27668"},"modified":"2015-10-08T17:33:52","modified_gmt":"2015-10-08T16:33:52","slug":"empiezan-a-rodar-serie-dominicana-en-manhattan","status":"publish","type":"post","link":"https:\/\/2horizontes.com\/?p=27668","title":{"rendered":"Empiezan a rodar serie dominicana en Manhattan"},"content":{"rendered":"<p align=\"JUSTIFY\">NUEVA YORK- El rodaje en el Alto Manhattan del cap\u00edtulo piloto de una nueva serie televisiva dominicana arranc\u00f3 esta semana con el claquetazo inicial de las grabaciones, dado por Carlos S\u00e1nchez, comisionado dominicano de Cultura en Estados Unidos.<\/p>\n<p align=\"JUSTIFY\">\u201cOlivia\u201d, nombre que llevar\u00e1 por t\u00edtulo la serie, es uno de los proyectos ganadores de la II convocatoria de proyectos culturales del Ministerio de Cultura de la Republica Dominicana celebrada en septiembre del pasado a\u00f1o.<\/p>\n<p align=\"JUSTIFY\">\u201cOlivia\u201d es una historia original del cineasta Anderson Mendoza y relata la historia de Olivia Olivo, una madre soltera de origen dominicano, quien adem\u00e1s de sacar adelante a su hijo, lucha por alcanzar el sue\u00f1o de ser actriz.<\/p>\n<p align=\"JUSTIFY\">La serie dirigida por el cineasta dominicano Alan Nadal Piantini ser\u00e1 protagonizada por la actriz Hony Estrella, quien dijo que \u201cme encanta Olivia, porque estamos tratando un tema muy universal y me siento identificada con \u00e9l pues tengo amigas que han pasado exactamente por lo mismo\u201d.<\/p>\n<p align=\"JUSTIFY\">Cada uno de los cap\u00edtulos de esta historia muestra diferentes situaciones en las que se ven envueltos los residentes del edificio de Washington Heights donde vive Olivia.<\/p>\n<p align=\"JUSTIFY\">\u201cTres mujeres j\u00f3venes, un ni\u00f1o muy inteligente, un viejo enamorado y un edificio lleno de gente con distintas costumbres y problemas, prometen hacer de este drama con tonos de comedia una de las series dominicanas m\u00e1s interesante de todos los tiempo\u201d, asegura Mendoza.<\/p>\n<p align=\"JUSTIFY\">Tambi\u00e9n forman parte del elenco principal el actor uruguayo Nelson Landrieu, y los dominicanos Danilo Rodr\u00edguez, Zulaika Vel\u00e1zquez, Maite Bonilla y Eric Dimitrov.<\/p>\n<p align=\"JUSTIFY\">El proyecto piloto ser\u00e1 presentado en enero a ejecutivos de canales internacionales y de la Rep\u00fablica Dominicana, con el fin de vender la primera temporada de la serie, la cual se estar\u00e1 rodando en Nueva York durante dos semanas y culminar\u00e1 con dos d\u00edas de rodaje en Santiago, Rep\u00fablica Dominicana.<\/p>\n","protected":false},"excerpt":{"rendered":"<p>NUEVA YORK- El rodaje en el Alto Manhattan del cap\u00edtulo piloto de una nueva serie televisiva dominicana arranc\u00f3 esta semana con el claquetazo inicial de las grabaciones, dado por Carlos S\u00e1nchez, comisionado dominicano de Cultura en Estados Unidos. \u201cOlivia\u201d, nombre que llevar\u00e1 por t\u00edtulo la serie, es uno de los proyectos ganadores de la II [&hellip;]<\/p>\n","protected":false},"author":8,"featured_media":27669,"comment_status":"open","ping_status":"open","sticky":false,"template":"","format":"standard","meta":{"footnotes":""},"categories":[1,40,84,44],"tags":[],"class_list":["post-27668","post","type-post","status-publish","format-standard","has-post-thumbnail","hentry","category-entretenimiento","category-internacionales","category-otras-noticias","category-republica-dominicana"],"_links":{"self":[{"href":"https:\/\/2horizontes.com\/index.php?rest_route=\/wp\/v2\/posts\/27668","targetHints":{"allow":["GET"]}}],"collection":[{"href":"https:\/\/2horizontes.com\/index.php?rest_route=\/wp\/v2\/posts"}],"about":[{"href":"https:\/\/2horizontes.com\/index.php?rest_route=\/wp\/v2\/types\/post"}],"author":[{"embeddable":true,"href":"https:\/\/2horizontes.com\/index.php?rest_route=\/wp\/v2\/users\/8"}],"replies":[{"embeddable":true,"href":"https:\/\/2horizontes.com\/index.php?rest_route=%2Fwp%2Fv2%2Fcomments&post=27668"}],"version-history":[{"count":1,"href":"https:\/\/2horizontes.com\/index.php?rest_route=\/wp\/v2\/posts\/27668\/revisions"}],"predecessor-version":[{"id":27670,"href":"https:\/\/2horizontes.com\/index.php?rest_route=\/wp\/v2\/posts\/27668\/revisions\/27670"}],"wp:featuredmedia":[{"embeddable":true,"href":"https:\/\/2horizontes.com\/index.php?rest_route=\/wp\/v2\/media\/27669"}],"wp:attachment":[{"href":"https:\/\/2horizontes.com\/index.php?rest_route=%2Fwp%2Fv2%2Fmedia&parent=27668"}],"wp:term":[{"taxonomy":"category","embeddable":true,"href":"https:\/\/2horizontes.com\/index.php?rest_route=%2Fwp%2Fv2%2Fcategories&post=27668"},{"taxonomy":"post_tag","embeddable":true,"href":"https:\/\/2horizontes.com\/index.php?rest_route=%2Fwp%2Fv2%2Ftags&post=27668"}],"curies":[{"name":"wp","href":"https:\/\/api.w.org\/{rel}","templated":true}]}}