{"id":27578,"date":"2015-10-08T10:05:51","date_gmt":"2015-10-08T09:05:51","guid":{"rendered":"http:\/\/2horizontes.com\/?p=27578"},"modified":"2015-10-08T10:05:51","modified_gmt":"2015-10-08T09:05:51","slug":"aprueban-nueva-comision-para-investigar-caso-que-involucra-a-hijo-de-bachelet","status":"publish","type":"post","link":"https:\/\/2horizontes.com\/?p=27578","title":{"rendered":"Aprueban nueva comisi\u00f3n para investigar caso que involucra a hijo de Bachelet"},"content":{"rendered":"<div id=\"ArticleAuthorDiv\" class=\"article-body-author\"><b>EFE<\/b><\/div>\n<div id=\"ArticleSourceDiv\" class=\"article-body-author\"><b>Santiago de Chile<\/b><\/div>\n<div id=\"ArticleBody\">\n<p>La C\u00e1mara de Diputados chilena aprob\u00f3 hoy la creaci\u00f3n de una nueva comisi\u00f3n investigadora del caso Caval, un pol\u00e9mico negocio inmobiliario en el que estuvo involucrado el hijo y la nuera de la presidenta de Chile, Michelle Bachelet.<\/p>\n<p>El objetivo de esta segunda comisi\u00f3n es complementar el trabajo que realiz\u00f3 la primera instancia, que seg\u00fan los parlamentarios que la integraron qued\u00f3 \u00abtruncada\u00bb por el t\u00e9rmino del plazo designado.<\/p>\n<p>La semana pasada finaliz\u00f3 la primera comisi\u00f3n de investigaci\u00f3n del caso Caval despu\u00e9s de que diputados oficialistas del Partido Socialista (PS) y el Partido por la Democracia (PPD) rechazaran autorizar una pr\u00f3rroga de 30 d\u00edas, una medida que requer\u00eda unanimidad para ser aprobada.<\/p>\n<p>\u00abQuer\u00edamos pedir nuestras excusas por el bochorno que tuvo la C\u00e1mara de Diputados la semana pasada a partir de las decisiones de unos pocos y por todos conocidos\u00bb, dijo a los medios el diputado democratacristiano Gabriel Silber, quien presidi\u00f3 la primera comisi\u00f3n de investigaci\u00f3n.<\/p>\n<p>\u00abLo importante es no perder el foco en investigar todas las aristas, la ciudadan\u00eda espera una investigaci\u00f3n imparcial \u00ab, agreg\u00f3 el parlamentario.<\/p>\n<p>La moci\u00f3n para crear una segunda comisi\u00f3n investigadora fue aprobada este mi\u00e9rcoles por 61 votos a favor y 9 abstenciones de parlamentarios del Partido Comunista de Chile.<\/p>\n<p>La nueva instancia, que fij\u00f3 un plazo de 30 d\u00edas de investigaci\u00f3n, complementar\u00e1 la comisi\u00f3n anterior, creada para indagar los actos del Gobierno vinculados directa o indirectamente con los negocios y actividades del hijo de Bachelet, Sebasti\u00e1n D\u00e1valos, en el denominado caso Caval.<\/p>\n<p>Una de las aristas que a\u00fan se debe investigar es el posible pago de sobornos de la empresa Saydex, que tuvo una relaci\u00f3n laboral con la empresa Caval, al Ministerio de Salud a cambio de licitaciones en hospitales y consultorios del pa\u00eds.<\/p>\n<p>D\u00e1valos est\u00e1 siendo investigado por presunto tr\u00e1fico de influencias y uso de informaci\u00f3n privilegiada, tras salir a la luz un millonario negocio inmobiliario que Caval -una empresa de la que su esposa, Natalia Compagnon, es una de las propietarias- hizo en Machal\u00ed, en la regi\u00f3n de O&#8217;Higgins.<\/p>\n<p>Caval adquiri\u00f3 en noviembre de 2013 unos terrenos rurales que eventualmente ser\u00edan destinados a fines inmobiliarios por el equivalente a unos 10,4 millones de d\u00f3lares y despu\u00e9s los vendi\u00f3 con una ganancia neta de unos 4,8 millones de d\u00f3lares.<\/p>\n<p>La compra fue financiada con un pr\u00e9stamo del Banco de Chile otorgado personalmente por Andr\u00f3nico Luksic, vicepresidente de la entidad financiera, en una reuni\u00f3n con D\u00e1valos y su esposa celebrada justo despu\u00e9s del triunfo de Bachelet en las elecciones presidenciales en 2013.<\/p>\n<p>El pr\u00e9stamo desat\u00f3 uno de los mayores esc\u00e1ndalos pol\u00edticos conocidos en Chile y su repercusi\u00f3n golpe\u00f3 la popularidad de Bachelet, que en las \u00faltimas encuestas registr\u00f3 los niveles de aprobaci\u00f3n ciudadana m\u00e1s bajos de sus dos mandatos.<\/p>\n<\/div>\n<div><\/div>\n<p>&nbsp;<\/p>\n","protected":false},"excerpt":{"rendered":"<p>EFE Santiago de Chile La C\u00e1mara de Diputados chilena aprob\u00f3 hoy la creaci\u00f3n de una nueva comisi\u00f3n investigadora del caso Caval, un pol\u00e9mico negocio inmobiliario en el que estuvo involucrado el hijo y la nuera de la presidenta de Chile, Michelle Bachelet. El objetivo de esta segunda comisi\u00f3n es complementar el trabajo que realiz\u00f3 la [&hellip;]<\/p>\n","protected":false},"author":7,"featured_media":27579,"comment_status":"open","ping_status":"open","sticky":false,"template":"","format":"standard","meta":{"footnotes":""},"categories":[40,43],"tags":[],"class_list":["post-27578","post","type-post","status-publish","format-standard","has-post-thumbnail","hentry","category-internacionales","category-politica"],"_links":{"self":[{"href":"https:\/\/2horizontes.com\/index.php?rest_route=\/wp\/v2\/posts\/27578","targetHints":{"allow":["GET"]}}],"collection":[{"href":"https:\/\/2horizontes.com\/index.php?rest_route=\/wp\/v2\/posts"}],"about":[{"href":"https:\/\/2horizontes.com\/index.php?rest_route=\/wp\/v2\/types\/post"}],"author":[{"embeddable":true,"href":"https:\/\/2horizontes.com\/index.php?rest_route=\/wp\/v2\/users\/7"}],"replies":[{"embeddable":true,"href":"https:\/\/2horizontes.com\/index.php?rest_route=%2Fwp%2Fv2%2Fcomments&post=27578"}],"version-history":[{"count":1,"href":"https:\/\/2horizontes.com\/index.php?rest_route=\/wp\/v2\/posts\/27578\/revisions"}],"predecessor-version":[{"id":27580,"href":"https:\/\/2horizontes.com\/index.php?rest_route=\/wp\/v2\/posts\/27578\/revisions\/27580"}],"wp:featuredmedia":[{"embeddable":true,"href":"https:\/\/2horizontes.com\/index.php?rest_route=\/wp\/v2\/media\/27579"}],"wp:attachment":[{"href":"https:\/\/2horizontes.com\/index.php?rest_route=%2Fwp%2Fv2%2Fmedia&parent=27578"}],"wp:term":[{"taxonomy":"category","embeddable":true,"href":"https:\/\/2horizontes.com\/index.php?rest_route=%2Fwp%2Fv2%2Fcategories&post=27578"},{"taxonomy":"post_tag","embeddable":true,"href":"https:\/\/2horizontes.com\/index.php?rest_route=%2Fwp%2Fv2%2Ftags&post=27578"}],"curies":[{"name":"wp","href":"https:\/\/api.w.org\/{rel}","templated":true}]}}