{"id":27543,"date":"2015-10-08T04:27:09","date_gmt":"2015-10-08T03:27:09","guid":{"rendered":"http:\/\/2horizontes.com\/?p=27543"},"modified":"2015-10-08T04:27:09","modified_gmt":"2015-10-08T03:27:09","slug":"cinco-heridos-al-enfrentarse-militares-y-motoconchistas-en-jimani-rd","status":"publish","type":"post","link":"https:\/\/2horizontes.com\/?p=27543","title":{"rendered":"Cinco heridos al enfrentarse militares y motoconchistas en Jimani RD"},"content":{"rendered":"<p class=\"not-pspace\">RD-JIMAN\u00cd.- Cinco personas heridas es el resultado de una balacera escenificada este mi\u00e9rcoles por un miembro del Cuerpo Especializado en Seguridad Fronteriza Terrestre (CESFRONT), en Jiman\u00ed.<\/p>\n<p class=\"not-pspace\">Los heridos son Dionisis M\u00e9ndez, de 40 a\u00f1os, presidente de la Asociaci\u00f3n de Due\u00f1os de Minibuses, Choferes y Cobradores Jiman\u00ed; Aurelio Recio, de 41; Rafael Novas, de 21, Bernardo V\u00f3lquez y Wendy Novas, \u00a0de 35.<\/p>\n<p class=\"not-pspace\">Seg\u00fan informaciones, miembros del CESFRONT ordenaron detenerse a un motoconchista que transportaba a un haitiano desde la frontera de Mal Paso hacia Jiman\u00ed, pero \u00e9ste no acat\u00f3 el llamado, por lo que fue perseguido hasta la estaci\u00f3n de minibuses de dicha Asociaci\u00f3n. \u00a0Los dem\u00e1s motoconchistas que<br \/>\nofrecen servicios en esa parada trataron de intervenir para que su compa\u00f1ero no fuera detenido, por lo que uno de los militares hizo varios disparos.<\/p>\n<p class=\"not-pspace\">El presidente de la organizaci\u00f3n de transporte fue herido tratando de intervenir para aplacar la situaci\u00f3n.<\/p>\n<p class=\"not-pspace\">Los heridos fueron referidos a centros m\u00e9dicos de Barahona y Santo Domingo.<\/p>\n<p class=\"not-pspace\">La del CESFRONT provoc\u00f3 el bloqueo de las v\u00edas principales y quemas de neum\u00e1ticos.<\/p>\n<p class=\"not-pspace\">\u00a0FUENTE: EL NUEVO DIARIO<\/p>\n","protected":false},"excerpt":{"rendered":"<p>RD-JIMAN\u00cd.- Cinco personas heridas es el resultado de una balacera escenificada este mi\u00e9rcoles por un miembro del Cuerpo Especializado en Seguridad Fronteriza Terrestre (CESFRONT), en Jiman\u00ed. Los heridos son Dionisis M\u00e9ndez, de 40 a\u00f1os, presidente de la Asociaci\u00f3n de Due\u00f1os de Minibuses, Choferes y Cobradores Jiman\u00ed; Aurelio Recio, de 41; Rafael Novas, de 21, Bernardo [&hellip;]<\/p>\n","protected":false},"author":8,"featured_media":27544,"comment_status":"open","ping_status":"open","sticky":false,"template":"","format":"standard","meta":{"footnotes":""},"categories":[53,44,45],"tags":[],"class_list":["post-27543","post","type-post","status-publish","format-standard","has-post-thumbnail","hentry","category-provincias","category-republica-dominicana","category-salud"],"_links":{"self":[{"href":"https:\/\/2horizontes.com\/index.php?rest_route=\/wp\/v2\/posts\/27543","targetHints":{"allow":["GET"]}}],"collection":[{"href":"https:\/\/2horizontes.com\/index.php?rest_route=\/wp\/v2\/posts"}],"about":[{"href":"https:\/\/2horizontes.com\/index.php?rest_route=\/wp\/v2\/types\/post"}],"author":[{"embeddable":true,"href":"https:\/\/2horizontes.com\/index.php?rest_route=\/wp\/v2\/users\/8"}],"replies":[{"embeddable":true,"href":"https:\/\/2horizontes.com\/index.php?rest_route=%2Fwp%2Fv2%2Fcomments&post=27543"}],"version-history":[{"count":1,"href":"https:\/\/2horizontes.com\/index.php?rest_route=\/wp\/v2\/posts\/27543\/revisions"}],"predecessor-version":[{"id":27545,"href":"https:\/\/2horizontes.com\/index.php?rest_route=\/wp\/v2\/posts\/27543\/revisions\/27545"}],"wp:featuredmedia":[{"embeddable":true,"href":"https:\/\/2horizontes.com\/index.php?rest_route=\/wp\/v2\/media\/27544"}],"wp:attachment":[{"href":"https:\/\/2horizontes.com\/index.php?rest_route=%2Fwp%2Fv2%2Fmedia&parent=27543"}],"wp:term":[{"taxonomy":"category","embeddable":true,"href":"https:\/\/2horizontes.com\/index.php?rest_route=%2Fwp%2Fv2%2Fcategories&post=27543"},{"taxonomy":"post_tag","embeddable":true,"href":"https:\/\/2horizontes.com\/index.php?rest_route=%2Fwp%2Fv2%2Ftags&post=27543"}],"curies":[{"name":"wp","href":"https:\/\/api.w.org\/{rel}","templated":true}]}}