{"id":27540,"date":"2015-10-08T04:21:58","date_gmt":"2015-10-08T03:21:58","guid":{"rendered":"http:\/\/2horizontes.com\/?p=27540"},"modified":"2015-10-08T04:21:58","modified_gmt":"2015-10-08T03:21:58","slug":"danilo-medina-da-primer-palazo-hotel-excellence-el-carmen-rd","status":"publish","type":"post","link":"https:\/\/2horizontes.com\/?p=27540","title":{"rendered":"Danilo Medina da primer palazo hotel Excellence El Carmen RD"},"content":{"rendered":"<p><strong>RD-PUNTA CANA-<\/strong> En una nueva jornada de consolidaci\u00f3n del turismo, la inversi\u00f3n extranjera y creaci\u00f3n de fuentes de empleo, el presidente Danilo Medina dio el primer palazo para la construcci\u00f3n aqu\u00ed del hotel Excellence El Carmen.<\/p>\n<p>Durante la etapa de construcci\u00f3n, el proyecto generar\u00e1 m\u00e1s de 2,000 empleos directos, mientras que en su etapa de operaci\u00f3n aportar\u00e1 m\u00e1s de 750 nuevas fuentes de trabajo, contribuyendo con ello al desarrollo econ\u00f3mico de la zona.<\/p>\n<p>El proyecto es propiedad del Excellence Group Luxury Hotels &amp; Resorts y tiene previsto abrir sus puertas durante el segundo semestre del a\u00f1o pr\u00f3ximo.<\/p>\n<p><strong>100 millones de d\u00f3lares en inversi\u00f3n<\/strong><br \/>\nEsa iniciativa cuenta con una inversi\u00f3n de 100 millones de d\u00f3lares, con arquitectura contempor\u00e1nea \u2013 caribe\u00f1a, plan todo incluido &#8211; s\u00f3lo para adultos, compuesto por 452 suites rodeadas por 20 piscinas ubicadas alrededor de cada uno de los diferentes m\u00f3dulos de habitaciones; con 11 restaurantes que ofrecer\u00e1n diversos tipos de comida internacional, adem\u00e1s de 15 bares cada uno de ellos con caracter\u00edsticas propias.<\/p>\n<p>Al hablar en nombre de los ejecutivos del hotel, Antonio Montaner, Consejero Delegado de Excellence Group resalt\u00f3 el clima jur\u00eddico que vive el pa\u00eds, lo que a su entender ha permitido su participaci\u00f3n en inversiones hoteleras.<\/p>\n<p><strong>Condiciones favorables para la inversi\u00f3n<\/strong><br \/>\nEl empresario estim\u00f3 que esta participaci\u00f3n y crecimiento en sus inversiones no hubiese sido posible sin el apoyo de las pol\u00edticas favorables del gobierno y de la labor realizada en la carretera de acceso, as\u00ed como otras iniciativas del Ministerio de Turismo.<\/p>\n<p>Mientras, el ministro de Turismo, Francisco Javier Garc\u00eda, proclam\u00f3 que este proyecto hotelero obedece al concepto de lujo, lo que significa un gran incentivo de desarrollo elevado del nivel tur\u00edstico en Rep\u00fablica Dominicana.<\/p>\n<p><strong>En su mejor momento<\/strong><br \/>\nExplic\u00f3 que el pa\u00eds est\u00e1 en el mejor momento en el turismo gracias a la confianza y la seguridad jur\u00eddica y la calidad humana que se vive en la naci\u00f3n.<\/p>\n<p>Francisco Javier Garc\u00eda valor\u00f3 el crecimiento sostenido en el turismo dominicano, que de enero a septiembre ha crecido a un ritmo de un 8 por ciento, lo que hace percibir que antes de cumplir los 10 a\u00f1os Rep\u00fablica Dominicana habr\u00e1 llegado a los 10 millones de turistas como es la metadel presidente Danilo Medina.<\/p>\n<p><strong>Turismo sigue creciendo<\/strong><br \/>\nExplic\u00f3 que al mes de septiembre, en relaci\u00f3n al mismo mes del a\u00f1o 2014, el turismo experiment\u00f3 un crecimiento de 17.1 por ciento.<\/p>\n<p>\u201cEl crecimiento que est\u00e1 percibiendo el turismo dominicano es el producto inequ\u00edvoco del compromiso de impulsar este importante sector que tiene el presidente Danilo Medina\u201d, expres\u00f3.<\/p>\n<p>El ministro de Turismo aprovech\u00f3 el momento para resaltar, adem\u00e1s de este auge del turismo en el pa\u00eds, las dem\u00e1s ejecutorias del Gobierno que justifican la popularidad que tiene el presidente Danilo Medina y que as\u00ed lo explic\u00f3 recientemente a dos periodistas especializados de Francia.<\/p>\n<p>Signific\u00f3 en ese sentido que en materia de educaci\u00f3n ning\u00fan otro Gobierno hab\u00eda hecho lo que ha hecho esta gesti\u00f3n, al igual que en la producci\u00f3n agropecuaria, la creaci\u00f3n de una cartera de pr\u00e9stamos para hacer posible la generaci\u00f3n de empleos, lo mismo que iniciativas como la transformaci\u00f3n de la matriz energ\u00e9tica ni inversiones para mejorar la seguridad ciudadana, entre otros aspectos.<br \/>\n&#8211; See more at: http:\/\/www.elcaribe.com.do\/2015\/10\/07\/danilo-medina-primer-palazo-hotel-excellence-carmen#sthash.mCWdsLDM.dpuf<\/p>\n","protected":false},"excerpt":{"rendered":"<p>RD-PUNTA CANA- En una nueva jornada de consolidaci\u00f3n del turismo, la inversi\u00f3n extranjera y creaci\u00f3n de fuentes de empleo, el presidente Danilo Medina dio el primer palazo para la construcci\u00f3n aqu\u00ed del hotel Excellence El Carmen. Durante la etapa de construcci\u00f3n, el proyecto generar\u00e1 m\u00e1s de 2,000 empleos directos, mientras que en su etapa de [&hellip;]<\/p>\n","protected":false},"author":8,"featured_media":27541,"comment_status":"open","ping_status":"open","sticky":false,"template":"","format":"standard","meta":{"footnotes":""},"categories":[43,53,44,64],"tags":[],"class_list":["post-27540","post","type-post","status-publish","format-standard","has-post-thumbnail","hentry","category-politica","category-provincias","category-republica-dominicana","category-turismo"],"_links":{"self":[{"href":"https:\/\/2horizontes.com\/index.php?rest_route=\/wp\/v2\/posts\/27540","targetHints":{"allow":["GET"]}}],"collection":[{"href":"https:\/\/2horizontes.com\/index.php?rest_route=\/wp\/v2\/posts"}],"about":[{"href":"https:\/\/2horizontes.com\/index.php?rest_route=\/wp\/v2\/types\/post"}],"author":[{"embeddable":true,"href":"https:\/\/2horizontes.com\/index.php?rest_route=\/wp\/v2\/users\/8"}],"replies":[{"embeddable":true,"href":"https:\/\/2horizontes.com\/index.php?rest_route=%2Fwp%2Fv2%2Fcomments&post=27540"}],"version-history":[{"count":1,"href":"https:\/\/2horizontes.com\/index.php?rest_route=\/wp\/v2\/posts\/27540\/revisions"}],"predecessor-version":[{"id":27542,"href":"https:\/\/2horizontes.com\/index.php?rest_route=\/wp\/v2\/posts\/27540\/revisions\/27542"}],"wp:featuredmedia":[{"embeddable":true,"href":"https:\/\/2horizontes.com\/index.php?rest_route=\/wp\/v2\/media\/27541"}],"wp:attachment":[{"href":"https:\/\/2horizontes.com\/index.php?rest_route=%2Fwp%2Fv2%2Fmedia&parent=27540"}],"wp:term":[{"taxonomy":"category","embeddable":true,"href":"https:\/\/2horizontes.com\/index.php?rest_route=%2Fwp%2Fv2%2Fcategories&post=27540"},{"taxonomy":"post_tag","embeddable":true,"href":"https:\/\/2horizontes.com\/index.php?rest_route=%2Fwp%2Fv2%2Ftags&post=27540"}],"curies":[{"name":"wp","href":"https:\/\/api.w.org\/{rel}","templated":true}]}}